{"id":24053,"date":"2025-09-30T11:23:13","date_gmt":"2025-09-30T11:23:13","guid":{"rendered":"https:\/\/oneroyal.news\/?p=24053"},"modified":"2025-09-30T11:31:27","modified_gmt":"2025-09-30T11:31:27","slug":"dual-perspective-market-analysis-the-interplay-of-fundamentals-and-technicals-in-gold-usd-and-equity-markets","status":"publish","type":"post","link":"https:\/\/oneroyal.news\/pt\/daily-analysis\/dual-perspective-market-analysis-the-interplay-of-fundamentals-and-technicals-in-gold-usd-and-equity-markets\/","title":{"rendered":"An\u00e1lise de mercado de dupla perspetiva: A intera\u00e7\u00e3o dos fundamentos e dos aspectos t\u00e9cnicos nos mercados do ouro, do d\u00f3lar e das ac\u00e7\u00f5es"},"content":{"rendered":"<h3 data-start=\"283\" data-end=\"320\">Principais t\u00edtulos e contexto do mercado<\/h3>\n<ul data-start=\"322\" data-end=\"1206\">\n<li data-start=\"322\" data-end=\"518\">\n<p data-start=\"324\" data-end=\"518\"><strong data-start=\"324\" data-end=\"355\">O ouro atingiu um novo recorde<\/strong>, negociando em torno de <strong data-start=\"372\" data-end=\"395\">$3,866.90 por on\u00e7a<\/strong>O mercado de capitais da UE registou o seu melhor desempenho mensal em 14 anos, com um ganho de ~12,1% em setembro.<\/p>\n<\/li>\n<li data-start=\"519\" data-end=\"696\">\n<p data-start=\"521\" data-end=\"696\">O <strong data-start=\"525\" data-end=\"549\">O d\u00f3lar americano enfraqueceu<\/strong> O mercado de ac\u00e7\u00f5es da UE registou um aumento significativo, pressionado pela escalada dos receios de um encerramento do governo e pelas expectativas de novos cortes nas taxas de juro da Fed.<\/p>\n<\/li>\n<li data-start=\"697\" data-end=\"864\">\n<p data-start=\"699\" data-end=\"864\"><strong data-start=\"699\" data-end=\"734\">Os mercados mundiais est\u00e3o a agir com cautela<\/strong>A Comiss\u00e3o Europeia est\u00e1 a preparar um relat\u00f3rio sobre a evolu\u00e7\u00e3o do mercado de capitais, com um desempenho misto das ac\u00e7\u00f5es, uma vez que o sentimento de risco oscila devido \u00e0 incerteza pol\u00edtica.<\/p>\n<\/li>\n<li data-start=\"865\" data-end=\"1056\">\n<p data-start=\"867\" data-end=\"1056\">A iminente <strong data-start=\"879\" data-end=\"915\">Prazo de financiamento do governo dos EUA<\/strong> aumenta a volatilidade, podendo atrasar os principais relat\u00f3rios econ\u00f3micos de que os mercados e a Reserva Federal dependem.<\/p>\n<\/li>\n<li data-start=\"1057\" data-end=\"1206\">\n<p data-start=\"1059\" data-end=\"1206\">Os fluxos de metais preciosos s\u00e3o fortes: os ETF de ouro aumentaram as suas participa\u00e7\u00f5es, reflectindo a continua\u00e7\u00e3o do interesse institucional.<\/p>\n<\/li>\n<\/ul>\n<hr data-start=\"1208\" data-end=\"1211\" \/>\n<h3 data-start=\"1213\" data-end=\"1240\">\ud83d\udd0d An\u00e1lise fundamental<\/h3>\n<h4 data-start=\"1242\" data-end=\"1269\">Ouro: Ganhos de ref\u00fagio seguro<\/h4>\n<p data-start=\"1271\" data-end=\"1336\">A subida do ouro reflecte hoje uma converg\u00eancia de fundamentos de alta:<\/p>\n<ul data-start=\"1338\" data-end=\"2078\">\n<li data-start=\"1338\" data-end=\"1502\">\n<p data-start=\"1340\" data-end=\"1502\"><strong data-start=\"1340\" data-end=\"1359\">Fraqueza do d\u00f3lar<\/strong> est\u00e1 a ajudar o ouro, uma vez que um d\u00f3lar mais fraco reduz o custo de oportunidade de deter activos n\u00e3o rent\u00e1veis como o ouro.<\/p>\n<\/li>\n<li data-start=\"1503\" data-end=\"1704\">\n<p data-start=\"1505\" data-end=\"1704\"><strong data-start=\"1505\" data-end=\"1534\">Expectativas de redu\u00e7\u00e3o da taxa da Fed<\/strong> permanecem elevados. O mercado est\u00e1 a prever cortes adicionais no futuro, especialmente com sinais econ\u00f3micos fracos e incerteza pol\u00edtica.<\/p>\n<\/li>\n<li data-start=\"1705\" data-end=\"1876\">\n<p data-start=\"1707\" data-end=\"1876\"><strong data-start=\"1707\" data-end=\"1724\">Avers\u00e3o ao risco<\/strong> intensificou-se com os receios de encerramento. Quando o risco \u00e9 elevado, o capital flui frequentemente para activos de ref\u00fagio como o ouro.<\/p>\n<\/li>\n<li data-start=\"1877\" data-end=\"2078\">\n<p data-start=\"1879\" data-end=\"2078\">No entanto, <strong data-start=\"1888\" data-end=\"1911\">Risco pol\u00edtico dos EUA<\/strong> \u00e9 uma faca de dois gumes: atrasos nos dados econ\u00f3micos ou nos acordos fiscais podem perturbar a clareza do mercado e a tomada de decis\u00f5es pol\u00edticas.<\/p>\n<\/li>\n<\/ul>\n<h4 data-start=\"2080\" data-end=\"2121\">D\u00f3lar dos E.U.A. e cen\u00e1rio macroecon\u00f3mico<\/h4>\n<ul data-start=\"2123\" data-end=\"2632\">\n<li data-start=\"2123\" data-end=\"2284\">\n<p data-start=\"2125\" data-end=\"2284\">O <strong data-start=\"2129\" data-end=\"2156\">\u00cdndice do d\u00f3lar americano (DXY)<\/strong> est\u00e1 sob press\u00e3o, incapaz de firmar uma recupera\u00e7\u00e3o acima dos n\u00edveis cr\u00edticos de resist\u00eancia (como 98).<\/p>\n<\/li>\n<li data-start=\"2285\" data-end=\"2420\">\n<p data-start=\"2287\" data-end=\"2420\">A infla\u00e7\u00e3o continua a ser r\u00edgida em algumas partes da economia, mas os dados laborais pouco rigorosos e a incerteza pol\u00edtica podem levar a Reserva Federal a agir com cautela.<\/p>\n<\/li>\n<li data-start=\"2421\" data-end=\"2632\">\n<p data-start=\"2423\" data-end=\"2632\">O <strong data-start=\"2427\" data-end=\"2460\">risco de um encerramento do governo<\/strong> poder\u00e1 atrasar a divulga\u00e7\u00e3o de dados fundamentais (emprego, infla\u00e7\u00e3o), tornando mais dif\u00edcil para os mercados e para a Fed avaliar a trajet\u00f3ria econ\u00f3mica.<\/p>\n<\/li>\n<\/ul>\n<hr data-start=\"2634\" data-end=\"2637\" \/>\n<h3 data-start=\"2639\" data-end=\"2664\">\ud83d\udcc8 An\u00e1lise t\u00e9cnica<\/h3>\n<h4 data-start=\"2666\" data-end=\"2685\">Ouro (XAU\/USD)<\/h4>\n<ul data-start=\"2687\" data-end=\"3365\">\n<li data-start=\"2687\" data-end=\"2883\">\n<p data-start=\"2689\" data-end=\"2883\"><strong data-start=\"2689\" data-end=\"2702\">Novos m\u00e1ximos<\/strong>: A recente quebra do ouro acima da resist\u00eancia anterior (~$3,790) confirma uma forte press\u00e3o de compra. O movimento de hoje para ~$3,866 sinaliza impulso.<\/p>\n<\/li>\n<li data-start=\"2884\" data-end=\"3061\">\n<p data-start=\"2886\" data-end=\"3061\"><strong data-start=\"2886\" data-end=\"2911\">Condi\u00e7\u00f5es de sobrecompra<\/strong>: Indicadores como o RSI est\u00e3o a entrar no territ\u00f3rio de sobre-compra. \u00c9 poss\u00edvel um recuo ou consolida\u00e7\u00e3o a curto prazo.<\/p>\n<\/li>\n<li data-start=\"3062\" data-end=\"3202\">\n<p data-start=\"3064\" data-end=\"3202\"><strong data-start=\"3064\" data-end=\"3081\">Zonas de apoio<\/strong> a observar: $3,760, $3,700 - se o ouro recuar, estes n\u00edveis podem atuar como amortecedores.<\/p>\n<\/li>\n<li data-start=\"3203\" data-end=\"3365\">\n<p data-start=\"3205\" data-end=\"3365\"><strong data-start=\"3205\" data-end=\"3223\">Objectivos de subida<\/strong>: Se a din\u00e2mica se mantiver, $3,900 e mesmo $4,000 tornam-se objectivos psicol\u00f3gicos e t\u00e9cnicos realistas.<\/p>\n<\/li>\n<\/ul>\n<ul data-start=\"3399\" data-end=\"3828\">\n<li data-start=\"3399\" data-end=\"3656\">\n<p data-start=\"3401\" data-end=\"3656\"><strong data-start=\"3401\" data-end=\"3426\">EUR\/USD e Pares Principais<\/strong>: Com o d\u00f3lar a abrandar, pares como o EUR\/USD podem subir. O euro, por exemplo, pode encontrar for\u00e7a se os sinais do BCE permanecerem est\u00e1veis. (Movimentos anteriores j\u00e1 mostram o euro a subir quando o d\u00f3lar enfraquece)<\/p>\n<\/li>\n<li data-start=\"3657\" data-end=\"3828\">\n<p data-start=\"3659\" data-end=\"3828\"><strong data-start=\"3659\" data-end=\"3688\">Ac\u00e7\u00f5es mineiras de ouro \/ ETFs<\/strong>: Estes podem ter um desempenho superior ao do pr\u00f3prio ouro, devido ao efeito de alavanca sobre os movimentos do ouro e \u00e0 melhoria das margens de lucro.<\/p>\n<\/li>\n<\/ul>\n<hr data-start=\"3830\" data-end=\"3833\" \/>\n<h3 data-start=\"3835\" data-end=\"3861\">\ud83d\udd2e Perspectivas e cen\u00e1rios<\/h3>\n<div class=\"_tableContainer_1rjym_1\">\n<div class=\"group _tableWrapper_1rjym_13 flex w-fit flex-col-reverse\">\n<table class=\"w-fit min-w-(--thread-content-width)\" data-start=\"3863\" data-end=\"4501\">\n<thead data-start=\"3863\" data-end=\"3918\">\n<tr data-start=\"3863\" data-end=\"3918\">\n<th data-start=\"3863\" data-end=\"3874\" data-col-size=\"sm\">Cen\u00e1rio<\/th>\n<th data-start=\"3874\" data-end=\"3891\" data-col-size=\"md\">Resultado prov\u00e1vel<\/th>\n<th data-start=\"3891\" data-end=\"3918\" data-col-size=\"md\">Principais indicadores a observar<\/th>\n<\/tr>\n<\/thead>\n<tbody data-start=\"3933\" data-end=\"4501\">\n<tr data-start=\"3933\" data-end=\"4080\">\n<td data-start=\"3933\" data-end=\"3960\" data-col-size=\"sm\"><strong data-start=\"3935\" data-end=\"3959\">Continua\u00e7\u00e3o da alta<\/strong><\/td>\n<td data-start=\"3960\" data-end=\"4020\" data-col-size=\"md\">O ouro avan\u00e7a para $3,900 - $4,000; o d\u00f3lar continua a deslizar<\/td>\n<td data-col-size=\"md\" data-start=\"4020\" data-end=\"4080\">Apostas sustentadas no corte das taxas, dados atrasados, grandes entradas de ETF<\/td>\n<\/tr>\n<tr data-start=\"4081\" data-end=\"4225\">\n<td data-start=\"4081\" data-end=\"4112\" data-col-size=\"sm\"><strong data-start=\"4083\" data-end=\"4111\">Recuo \/ consolida\u00e7\u00e3o<\/strong><\/td>\n<td data-col-size=\"md\" data-start=\"4112\" data-end=\"4172\">O ouro recua para a zona $3,760-$3,700 antes de retomar a tend\u00eancia<\/td>\n<td data-col-size=\"md\" data-start=\"4172\" data-end=\"4225\">Sinais de sobrecompra, padr\u00f5es de velas de revers\u00e3o<\/td>\n<\/tr>\n<tr data-start=\"4226\" data-end=\"4366\">\n<td data-start=\"4226\" data-end=\"4266\" data-col-size=\"sm\"><strong data-start=\"4228\" data-end=\"4265\">Recupera\u00e7\u00e3o do d\u00f3lar e recuo do ouro<\/strong><\/td>\n<td data-start=\"4266\" data-end=\"4314\" data-col-size=\"md\">Dados fortes dos EUA surpreendem, Fed sinaliza pausa<\/td>\n<td data-start=\"4314\" data-end=\"4366\" data-col-size=\"md\">Emprego nos EUA, infla\u00e7\u00e3o a subir, coment\u00e1rios hawkish da Fed<\/td>\n<\/tr>\n<tr data-start=\"4367\" data-end=\"4501\">\n<td data-start=\"4367\" data-end=\"4387\" data-col-size=\"sm\"><strong data-start=\"4369\" data-end=\"4386\">Costeleta vol\u00e1til<\/strong><\/td>\n<td data-start=\"4387\" data-end=\"4448\" data-col-size=\"md\">Gama de negocia\u00e7\u00e3o entre $3,760-$3,900; a incerteza domina<\/td>\n<td data-start=\"4448\" data-end=\"4501\" data-col-size=\"md\">Evolu\u00e7\u00e3o do encerramento, dados atrasados, ru\u00eddo pol\u00edtico<\/td>\n<\/tr>\n<\/tbody>\n<\/table>\n<\/div>\n<\/div>\n<p data-start=\"4503\" data-end=\"4718\">A curto prazo, o <strong data-start=\"4525\" data-end=\"4547\">argumento a favor do ouro<\/strong> \u00e9 forte, especialmente com a suavidade do d\u00f3lar e o risco pol\u00edtico. No entanto, quaisquer surpresas positivas nos dados macroecon\u00f3micos dos E.U.A. ou posi\u00e7\u00f5es hawkish da Fed podem introduzir retrocessos acentuados.<\/p>\n<hr data-start=\"4720\" data-end=\"4723\" \/>\n<h3 data-start=\"4725\" data-end=\"4746\">\ud83e\uddfe Considera\u00e7\u00f5es finais<\/h3>\n<p data-start=\"4748\" data-end=\"5032\">A partir de <strong data-start=\"4754\" data-end=\"4775\">30 de setembro de 2025<\/strong>Os mercados est\u00e3o num ambiente carregado. O ouro est\u00e1 a bater recordes devido \u00e0s expectativas dovish, \u00e0 procura de moeda de ref\u00fagio e \u00e0 fraqueza do d\u00f3lar. Mas o caminho que se avizinha \u00e9 delicado - as declara\u00e7\u00f5es pol\u00edticas, os comunicados macroecon\u00f3micos e os desenvolvimentos pol\u00edticos ter\u00e3o um impacto enorme.<\/p>\n<p data-start=\"5034\" data-end=\"5088\">Se est\u00e1 a negociar ou a investir agora, mantenha-se atento:<\/p>\n<ul data-start=\"5090\" data-end=\"5277\">\n<li data-start=\"5090\" data-end=\"5136\">\n<p data-start=\"5092\" data-end=\"5136\">Atualiza\u00e7\u00e3o do emprego, da infla\u00e7\u00e3o e das despesas nos EUA<\/p>\n<\/li>\n<li data-start=\"5137\" data-end=\"5174\">\n<p data-start=\"5139\" data-end=\"5174\">Comunica\u00e7\u00e3o do Fed para mudan\u00e7as de tom<\/p>\n<\/li>\n<li data-start=\"5175\" data-end=\"5231\">\n<p data-start=\"5177\" data-end=\"5231\">Principais n\u00edveis de suporte\/resist\u00eancia no ouro e nas moedas<\/p>\n<\/li>\n<li data-start=\"5232\" data-end=\"5277\">\n<p data-start=\"5234\" data-end=\"5277\">Fluxos de ETF e tend\u00eancias de compra institucional<\/p>\n<\/li>\n<\/ul>\n<p data-start=\"5279\" data-end=\"5355\">Manter-se \u00e1gil. Este \u00e9 um momento em que tanto as oportunidades como os riscos s\u00e3o maiores.<\/p>\n<hr data-start=\"5357\" data-end=\"5360\" \/>\n<p data-start=\"5362\" data-end=\"5414\"><strong data-start=\"5362\" data-end=\"5380\">Por Motasm Adel<\/strong><br data-start=\"5380\" data-end=\"5383\" \/><em data-start=\"5383\" data-end=\"5414\">Analista e investigador de mercado<\/em><\/p>\n<p data-start=\"5416\" data-end=\"5718\"><strong data-start=\"5416\" data-end=\"5436\">Declara\u00e7\u00e3o de risco:<\/strong> Esta informa\u00e7\u00e3o destina-se apenas a fins educativos e n\u00e3o constitui um conselho de investimento. Os mercados financeiros envolvem riscos e o desempenho passado n\u00e3o \u00e9 indicativo de resultados futuros. Realize sempre a sua pr\u00f3pria investiga\u00e7\u00e3o e procure aconselhamento profissional antes de tomar decis\u00f5es de investimento.<\/p>","protected":false},"excerpt":{"rendered":"<p>Principais manchetes e contexto de mercado O ouro atingiu um novo recorde, sendo negociado em torno de $3.866,90 por on\u00e7a, marcando seu melhor desempenho mensal em 14 anos com um ganho de ~ 12,1% em setembro. O d\u00f3lar americano enfraqueceu amplamente, pressionado pela escalada dos receios de um encerramento do governo e pelas expectativas de novos cortes nas taxas do Fed. Os mercados globais adoptaram uma atitude cautelosa, [...]<\/p>","protected":false},"author":7,"featured_media":24054,"comment_status":"open","ping_status":"open","sticky":false,"template":"","format":"standard","meta":{"_acf_changed":false,"inline_featured_image":false,"footnotes":""},"categories":[29,38,34],"tags":[],"class_list":["post-24053","post","type-post","status-publish","format-standard","has-post-thumbnail","hentry","category-daily-analysis","category-market-analysis","category-markets-to-watch"],"acf":[],"yoast_head":"<!-- This site is optimized with the Yoast SEO plugin v26.6 - https:\/\/yoast.com\/wordpress\/plugins\/seo\/ -->\n<title>Dual Perspective Market Analysis: The Interplay of Fundamentals and Technicals in Gold, USD, and Equity Markets - OneRoyal News<\/title>\n<meta name=\"robots\" content=\"index, follow, max-snippet:-1, max-image-preview:large, max-video-preview:-1\" \/>\n<link rel=\"canonical\" href=\"https:\/\/oneroyal.news\/pt\/daily-analysis\/dual-perspective-market-analysis-the-interplay-of-fundamentals-and-technicals-in-gold-usd-and-equity-markets\/\" \/>\n<meta property=\"og:locale\" content=\"pt_PT\" \/>\n<meta property=\"og:type\" content=\"article\" \/>\n<meta property=\"og:title\" content=\"Dual Perspective Market Analysis: The Interplay of Fundamentals and Technicals in Gold, USD, and Equity Markets - OneRoyal News\" \/>\n<meta property=\"og:description\" content=\"\ud83d\udcf0 Key Headlines &amp; Market Context Gold surged to a new record, trading around $3,866.90 per ounce, marking its best monthly performance in 14 years with a ~12.1% gain in September. The U.S. dollar weakened broadly, pressured by escalating fears of a government shutdown and expectations of further Fed rate cuts. Global markets tread cautiously, [&hellip;]\" \/>\n<meta property=\"og:url\" content=\"https:\/\/oneroyal.news\/pt\/daily-analysis\/dual-perspective-market-analysis-the-interplay-of-fundamentals-and-technicals-in-gold-usd-and-equity-markets\/\" \/>\n<meta property=\"og:site_name\" content=\"OneRoyal News\" \/>\n<meta property=\"article:published_time\" content=\"2025-09-30T11:23:13+00:00\" \/>\n<meta property=\"article:modified_time\" content=\"2025-09-30T11:31:27+00:00\" \/>\n<meta property=\"og:image\" content=\"https:\/\/oneroyal.news\/wp-content\/uploads\/2025\/09\/a_feature_image_for_this_tittle_of.jpeg\" \/>\n\t<meta property=\"og:image:width\" content=\"1280\" \/>\n\t<meta property=\"og:image:height\" content=\"1280\" \/>\n\t<meta property=\"og:image:type\" content=\"image\/jpeg\" \/>\n<meta name=\"author\" content=\"Motasm Adel\" \/>\n<meta name=\"twitter:card\" content=\"summary_large_image\" \/>\n<meta name=\"twitter:label1\" content=\"Escrito por\" \/>\n\t<meta name=\"twitter:data1\" content=\"Motasm Adel\" \/>\n\t<meta name=\"twitter:label2\" content=\"Tempo estimado de leitura\" \/>\n\t<meta name=\"twitter:data2\" content=\"4 minutos\" \/>\n<script type=\"application\/ld+json\" class=\"yoast-schema-graph\">{\"@context\":\"https:\/\/schema.org\",\"@graph\":[{\"@type\":\"Article\",\"@id\":\"https:\/\/oneroyal.news\/cn\/daily-analysis\/dual-perspective-market-analysis-the-interplay-of-fundamentals-and-technicals-in-gold-usd-and-equity-markets\/#article\",\"isPartOf\":{\"@id\":\"https:\/\/oneroyal.news\/cn\/daily-analysis\/dual-perspective-market-analysis-the-interplay-of-fundamentals-and-technicals-in-gold-usd-and-equity-markets\/\"},\"author\":{\"name\":\"Motasm Adel\",\"@id\":\"https:\/\/www.oneroyal.news\/cn\/#\/schema\/person\/0d504efc8a62435037f6dbc34eafeee9\"},\"headline\":\"Dual Perspective Market Analysis: The Interplay of Fundamentals and Technicals in Gold, USD, and Equity Markets\",\"datePublished\":\"2025-09-30T11:23:13+00:00\",\"dateModified\":\"2025-09-30T11:31:27+00:00\",\"mainEntityOfPage\":{\"@id\":\"https:\/\/oneroyal.news\/cn\/daily-analysis\/dual-perspective-market-analysis-the-interplay-of-fundamentals-and-technicals-in-gold-usd-and-equity-markets\/\"},\"wordCount\":663,\"commentCount\":0,\"publisher\":{\"@id\":\"https:\/\/www.oneroyal.news\/cn\/#organization\"},\"image\":{\"@id\":\"https:\/\/oneroyal.news\/cn\/daily-analysis\/dual-perspective-market-analysis-the-interplay-of-fundamentals-and-technicals-in-gold-usd-and-equity-markets\/#primaryimage\"},\"thumbnailUrl\":\"https:\/\/oneroyal.news\/wp-content\/uploads\/2025\/09\/a_feature_image_for_this_tittle_of.jpeg\",\"articleSection\":[\"Daily Analysis\",\"Market Analysis\",\"Markets to Watch\"],\"inLanguage\":\"pt-PT\",\"potentialAction\":[{\"@type\":\"CommentAction\",\"name\":\"Comment\",\"target\":[\"https:\/\/oneroyal.news\/cn\/daily-analysis\/dual-perspective-market-analysis-the-interplay-of-fundamentals-and-technicals-in-gold-usd-and-equity-markets\/#respond\"]}]},{\"@type\":\"WebPage\",\"@id\":\"https:\/\/oneroyal.news\/cn\/daily-analysis\/dual-perspective-market-analysis-the-interplay-of-fundamentals-and-technicals-in-gold-usd-and-equity-markets\/\",\"url\":\"https:\/\/oneroyal.news\/cn\/daily-analysis\/dual-perspective-market-analysis-the-interplay-of-fundamentals-and-technicals-in-gold-usd-and-equity-markets\/\",\"name\":\"Dual Perspective Market Analysis: The Interplay of Fundamentals and Technicals in Gold, USD, and Equity Markets - OneRoyal News\",\"isPartOf\":{\"@id\":\"https:\/\/www.oneroyal.news\/cn\/#website\"},\"primaryImageOfPage\":{\"@id\":\"https:\/\/oneroyal.news\/cn\/daily-analysis\/dual-perspective-market-analysis-the-interplay-of-fundamentals-and-technicals-in-gold-usd-and-equity-markets\/#primaryimage\"},\"image\":{\"@id\":\"https:\/\/oneroyal.news\/cn\/daily-analysis\/dual-perspective-market-analysis-the-interplay-of-fundamentals-and-technicals-in-gold-usd-and-equity-markets\/#primaryimage\"},\"thumbnailUrl\":\"https:\/\/oneroyal.news\/wp-content\/uploads\/2025\/09\/a_feature_image_for_this_tittle_of.jpeg\",\"datePublished\":\"2025-09-30T11:23:13+00:00\",\"dateModified\":\"2025-09-30T11:31:27+00:00\",\"breadcrumb\":{\"@id\":\"https:\/\/oneroyal.news\/cn\/daily-analysis\/dual-perspective-market-analysis-the-interplay-of-fundamentals-and-technicals-in-gold-usd-and-equity-markets\/#breadcrumb\"},\"inLanguage\":\"pt-PT\",\"potentialAction\":[{\"@type\":\"ReadAction\",\"target\":[\"https:\/\/oneroyal.news\/cn\/daily-analysis\/dual-perspective-market-analysis-the-interplay-of-fundamentals-and-technicals-in-gold-usd-and-equity-markets\/\"]}]},{\"@type\":\"ImageObject\",\"inLanguage\":\"pt-PT\",\"@id\":\"https:\/\/oneroyal.news\/cn\/daily-analysis\/dual-perspective-market-analysis-the-interplay-of-fundamentals-and-technicals-in-gold-usd-and-equity-markets\/#primaryimage\",\"url\":\"https:\/\/oneroyal.news\/wp-content\/uploads\/2025\/09\/a_feature_image_for_this_tittle_of.jpeg\",\"contentUrl\":\"https:\/\/oneroyal.news\/wp-content\/uploads\/2025\/09\/a_feature_image_for_this_tittle_of.jpeg\",\"width\":1280,\"height\":1280},{\"@type\":\"BreadcrumbList\",\"@id\":\"https:\/\/oneroyal.news\/cn\/daily-analysis\/dual-perspective-market-analysis-the-interplay-of-fundamentals-and-technicals-in-gold-usd-and-equity-markets\/#breadcrumb\",\"itemListElement\":[{\"@type\":\"ListItem\",\"position\":1,\"name\":\"Home\",\"item\":\"https:\/\/www.oneroyal.news\/cn\/\"},{\"@type\":\"ListItem\",\"position\":2,\"name\":\"Dual Perspective Market Analysis: The Interplay of Fundamentals and Technicals in Gold, USD, and Equity Markets\"}]},{\"@type\":\"WebSite\",\"@id\":\"https:\/\/www.oneroyal.news\/cn\/#website\",\"url\":\"https:\/\/www.oneroyal.news\/cn\/\",\"name\":\"OneRoyal News\",\"description\":\"\",\"publisher\":{\"@id\":\"https:\/\/www.oneroyal.news\/cn\/#organization\"},\"potentialAction\":[{\"@type\":\"SearchAction\",\"target\":{\"@type\":\"EntryPoint\",\"urlTemplate\":\"https:\/\/www.oneroyal.news\/cn\/?s={search_term_string}\"},\"query-input\":{\"@type\":\"PropertyValueSpecification\",\"valueRequired\":true,\"valueName\":\"search_term_string\"}}],\"inLanguage\":\"pt-PT\"},{\"@type\":\"Organization\",\"@id\":\"https:\/\/www.oneroyal.news\/cn\/#organization\",\"name\":\"OneRoyal News\",\"url\":\"https:\/\/www.oneroyal.news\/cn\/\",\"logo\":{\"@type\":\"ImageObject\",\"inLanguage\":\"pt-PT\",\"@id\":\"https:\/\/www.oneroyal.news\/cn\/#\/schema\/logo\/image\/\",\"url\":\"https:\/\/oneroyal.news\/wp-content\/uploads\/2025\/01\/OR-logo.svg\",\"contentUrl\":\"https:\/\/oneroyal.news\/wp-content\/uploads\/2025\/01\/OR-logo.svg\",\"width\":123,\"height\":18,\"caption\":\"OneRoyal News\"},\"image\":{\"@id\":\"https:\/\/www.oneroyal.news\/cn\/#\/schema\/logo\/image\/\"}},{\"@type\":\"Person\",\"@id\":\"https:\/\/www.oneroyal.news\/cn\/#\/schema\/person\/0d504efc8a62435037f6dbc34eafeee9\",\"name\":\"Motasm Adel\",\"image\":{\"@type\":\"ImageObject\",\"inLanguage\":\"pt-PT\",\"@id\":\"https:\/\/www.oneroyal.news\/cn\/#\/schema\/person\/image\/\",\"url\":\"https:\/\/secure.gravatar.com\/avatar\/60973cd151f6a86a6700e0ed2f2ac862?s=96&d=mm&r=g\",\"contentUrl\":\"https:\/\/secure.gravatar.com\/avatar\/60973cd151f6a86a6700e0ed2f2ac862?s=96&d=mm&r=g\",\"caption\":\"Motasm Adel\"},\"url\":\"https:\/\/oneroyal.news\/pt\/author\/motasm-adel\/\"}]}<\/script>\n<!-- \/ Yoast SEO plugin. -->","yoast_head_json":{"title":"An\u00e1lise de mercado de dupla perspetiva: A intera\u00e7\u00e3o entre os fundamentos e a t\u00e9cnica nos mercados do ouro, do d\u00f3lar e das ac\u00e7\u00f5es - OneRoyal News","robots":{"index":"index","follow":"follow","max-snippet":"max-snippet:-1","max-image-preview":"max-image-preview:large","max-video-preview":"max-video-preview:-1"},"canonical":"https:\/\/oneroyal.news\/pt\/daily-analysis\/dual-perspective-market-analysis-the-interplay-of-fundamentals-and-technicals-in-gold-usd-and-equity-markets\/","og_locale":"pt_PT","og_type":"article","og_title":"Dual Perspective Market Analysis: The Interplay of Fundamentals and Technicals in Gold, USD, and Equity Markets - OneRoyal News","og_description":"\ud83d\udcf0 Key Headlines &amp; Market Context Gold surged to a new record, trading around $3,866.90 per ounce, marking its best monthly performance in 14 years with a ~12.1% gain in September. The U.S. dollar weakened broadly, pressured by escalating fears of a government shutdown and expectations of further Fed rate cuts. Global markets tread cautiously, [&hellip;]","og_url":"https:\/\/oneroyal.news\/pt\/daily-analysis\/dual-perspective-market-analysis-the-interplay-of-fundamentals-and-technicals-in-gold-usd-and-equity-markets\/","og_site_name":"OneRoyal News","article_published_time":"2025-09-30T11:23:13+00:00","article_modified_time":"2025-09-30T11:31:27+00:00","og_image":[{"width":1280,"height":1280,"url":"https:\/\/oneroyal.news\/wp-content\/uploads\/2025\/09\/a_feature_image_for_this_tittle_of.jpeg","type":"image\/jpeg"}],"author":"Motasm Adel","twitter_card":"summary_large_image","twitter_misc":{"Escrito por":"Motasm Adel","Tempo estimado de leitura":"4 minutos"},"schema":{"@context":"https:\/\/schema.org","@graph":[{"@type":"Article","@id":"https:\/\/oneroyal.news\/cn\/daily-analysis\/dual-perspective-market-analysis-the-interplay-of-fundamentals-and-technicals-in-gold-usd-and-equity-markets\/#article","isPartOf":{"@id":"https:\/\/oneroyal.news\/cn\/daily-analysis\/dual-perspective-market-analysis-the-interplay-of-fundamentals-and-technicals-in-gold-usd-and-equity-markets\/"},"author":{"name":"Motasm Adel","@id":"https:\/\/www.oneroyal.news\/cn\/#\/schema\/person\/0d504efc8a62435037f6dbc34eafeee9"},"headline":"Dual Perspective Market Analysis: The Interplay of Fundamentals and Technicals in Gold, USD, and Equity Markets","datePublished":"2025-09-30T11:23:13+00:00","dateModified":"2025-09-30T11:31:27+00:00","mainEntityOfPage":{"@id":"https:\/\/oneroyal.news\/cn\/daily-analysis\/dual-perspective-market-analysis-the-interplay-of-fundamentals-and-technicals-in-gold-usd-and-equity-markets\/"},"wordCount":663,"commentCount":0,"publisher":{"@id":"https:\/\/www.oneroyal.news\/cn\/#organization"},"image":{"@id":"https:\/\/oneroyal.news\/cn\/daily-analysis\/dual-perspective-market-analysis-the-interplay-of-fundamentals-and-technicals-in-gold-usd-and-equity-markets\/#primaryimage"},"thumbnailUrl":"https:\/\/oneroyal.news\/wp-content\/uploads\/2025\/09\/a_feature_image_for_this_tittle_of.jpeg","articleSection":["Daily Analysis","Market Analysis","Markets to Watch"],"inLanguage":"pt-PT","potentialAction":[{"@type":"CommentAction","name":"Comment","target":["https:\/\/oneroyal.news\/cn\/daily-analysis\/dual-perspective-market-analysis-the-interplay-of-fundamentals-and-technicals-in-gold-usd-and-equity-markets\/#respond"]}]},{"@type":"WebPage","@id":"https:\/\/oneroyal.news\/cn\/daily-analysis\/dual-perspective-market-analysis-the-interplay-of-fundamentals-and-technicals-in-gold-usd-and-equity-markets\/","url":"https:\/\/oneroyal.news\/cn\/daily-analysis\/dual-perspective-market-analysis-the-interplay-of-fundamentals-and-technicals-in-gold-usd-and-equity-markets\/","name":"An\u00e1lise de mercado de dupla perspetiva: A intera\u00e7\u00e3o entre os fundamentos e a t\u00e9cnica nos mercados do ouro, do d\u00f3lar e das ac\u00e7\u00f5es - OneRoyal News","isPartOf":{"@id":"https:\/\/www.oneroyal.news\/cn\/#website"},"primaryImageOfPage":{"@id":"https:\/\/oneroyal.news\/cn\/daily-analysis\/dual-perspective-market-analysis-the-interplay-of-fundamentals-and-technicals-in-gold-usd-and-equity-markets\/#primaryimage"},"image":{"@id":"https:\/\/oneroyal.news\/cn\/daily-analysis\/dual-perspective-market-analysis-the-interplay-of-fundamentals-and-technicals-in-gold-usd-and-equity-markets\/#primaryimage"},"thumbnailUrl":"https:\/\/oneroyal.news\/wp-content\/uploads\/2025\/09\/a_feature_image_for_this_tittle_of.jpeg","datePublished":"2025-09-30T11:23:13+00:00","dateModified":"2025-09-30T11:31:27+00:00","breadcrumb":{"@id":"https:\/\/oneroyal.news\/cn\/daily-analysis\/dual-perspective-market-analysis-the-interplay-of-fundamentals-and-technicals-in-gold-usd-and-equity-markets\/#breadcrumb"},"inLanguage":"pt-PT","potentialAction":[{"@type":"ReadAction","target":["https:\/\/oneroyal.news\/cn\/daily-analysis\/dual-perspective-market-analysis-the-interplay-of-fundamentals-and-technicals-in-gold-usd-and-equity-markets\/"]}]},{"@type":"ImageObject","inLanguage":"pt-PT","@id":"https:\/\/oneroyal.news\/cn\/daily-analysis\/dual-perspective-market-analysis-the-interplay-of-fundamentals-and-technicals-in-gold-usd-and-equity-markets\/#primaryimage","url":"https:\/\/oneroyal.news\/wp-content\/uploads\/2025\/09\/a_feature_image_for_this_tittle_of.jpeg","contentUrl":"https:\/\/oneroyal.news\/wp-content\/uploads\/2025\/09\/a_feature_image_for_this_tittle_of.jpeg","width":1280,"height":1280},{"@type":"BreadcrumbList","@id":"https:\/\/oneroyal.news\/cn\/daily-analysis\/dual-perspective-market-analysis-the-interplay-of-fundamentals-and-technicals-in-gold-usd-and-equity-markets\/#breadcrumb","itemListElement":[{"@type":"ListItem","position":1,"name":"Home","item":"https:\/\/www.oneroyal.news\/cn\/"},{"@type":"ListItem","position":2,"name":"Dual Perspective Market Analysis: The Interplay of Fundamentals and Technicals in Gold, USD, and Equity Markets"}]},{"@type":"WebSite","@id":"https:\/\/www.oneroyal.news\/cn\/#website","url":"https:\/\/www.oneroyal.news\/cn\/","name":"Not\u00edcias OneRoyal","description":"","publisher":{"@id":"https:\/\/www.oneroyal.news\/cn\/#organization"},"potentialAction":[{"@type":"SearchAction","target":{"@type":"EntryPoint","urlTemplate":"https:\/\/www.oneroyal.news\/cn\/?s={search_term_string}"},"query-input":{"@type":"PropertyValueSpecification","valueRequired":true,"valueName":"search_term_string"}}],"inLanguage":"pt-PT"},{"@type":"Organization","@id":"https:\/\/www.oneroyal.news\/cn\/#organization","name":"Not\u00edcias OneRoyal","url":"https:\/\/www.oneroyal.news\/cn\/","logo":{"@type":"ImageObject","inLanguage":"pt-PT","@id":"https:\/\/www.oneroyal.news\/cn\/#\/schema\/logo\/image\/","url":"https:\/\/oneroyal.news\/wp-content\/uploads\/2025\/01\/OR-logo.svg","contentUrl":"https:\/\/oneroyal.news\/wp-content\/uploads\/2025\/01\/OR-logo.svg","width":123,"height":18,"caption":"OneRoyal News"},"image":{"@id":"https:\/\/www.oneroyal.news\/cn\/#\/schema\/logo\/image\/"}},{"@type":"Person","@id":"https:\/\/www.oneroyal.news\/cn\/#\/schema\/person\/0d504efc8a62435037f6dbc34eafeee9","name":"Motasm Adel","image":{"@type":"ImageObject","inLanguage":"pt-PT","@id":"https:\/\/www.oneroyal.news\/cn\/#\/schema\/person\/image\/","url":"https:\/\/secure.gravatar.com\/avatar\/60973cd151f6a86a6700e0ed2f2ac862?s=96&d=mm&r=g","contentUrl":"https:\/\/secure.gravatar.com\/avatar\/60973cd151f6a86a6700e0ed2f2ac862?s=96&d=mm&r=g","caption":"Motasm Adel"},"url":"https:\/\/oneroyal.news\/pt\/author\/motasm-adel\/"}]}},"_links":{"self":[{"href":"https:\/\/oneroyal.news\/pt\/wp-json\/wp\/v2\/posts\/24053","targetHints":{"allow":["GET"]}}],"collection":[{"href":"https:\/\/oneroyal.news\/pt\/wp-json\/wp\/v2\/posts"}],"about":[{"href":"https:\/\/oneroyal.news\/pt\/wp-json\/wp\/v2\/types\/post"}],"author":[{"embeddable":true,"href":"https:\/\/oneroyal.news\/pt\/wp-json\/wp\/v2\/users\/7"}],"replies":[{"embeddable":true,"href":"https:\/\/oneroyal.news\/pt\/wp-json\/wp\/v2\/comments?post=24053"}],"version-history":[{"count":1,"href":"https:\/\/oneroyal.news\/pt\/wp-json\/wp\/v2\/posts\/24053\/revisions"}],"predecessor-version":[{"id":24055,"href":"https:\/\/oneroyal.news\/pt\/wp-json\/wp\/v2\/posts\/24053\/revisions\/24055"}],"wp:featuredmedia":[{"embeddable":true,"href":"https:\/\/oneroyal.news\/pt\/wp-json\/wp\/v2\/media\/24054"}],"wp:attachment":[{"href":"https:\/\/oneroyal.news\/pt\/wp-json\/wp\/v2\/media?parent=24053"}],"wp:term":[{"taxonomy":"category","embeddable":true,"href":"https:\/\/oneroyal.news\/pt\/wp-json\/wp\/v2\/categories?post=24053"},{"taxonomy":"post_tag","embeddable":true,"href":"https:\/\/oneroyal.news\/pt\/wp-json\/wp\/v2\/tags?post=24053"}],"curies":[{"name":"wp","href":"https:\/\/api.w.org\/{rel}","templated":true}]}}