{"id":23446,"date":"2025-06-16T08:03:37","date_gmt":"2025-06-16T08:03:37","guid":{"rendered":"https:\/\/oneroyal.news\/?p=23446"},"modified":"2025-06-20T07:13:25","modified_gmt":"2025-06-20T07:13:25","slug":"market-update-june-16-2025-will-the-g7-be-unified","status":"publish","type":"post","link":"https:\/\/oneroyal.news\/pt\/daily-analysis\/market-update-june-16-2025-will-the-g7-be-unified\/","title":{"rendered":"Atualiza\u00e7\u00e3o do mercado - 16 de junho de 2025: O G7 ser\u00e1 unificado?"},"content":{"rendered":"<p><strong>Ac\u00e7\u00f5es em movimento, G7 em foco, geopol\u00edtica em movimento<\/strong><\/p>\n<p>Os mercados est\u00e3o a come\u00e7ar a semana com cautela. Os investidores est\u00e3o atentos a uma tempestade de potenciais movimentos de mercado, desde as reuni\u00f5es dos bancos centrais at\u00e9 ao desenrolar da cimeira do G7, com um not\u00e1vel olhar lateral para o M\u00e9dio Oriente.<\/p>\n<p><strong>Ac\u00e7\u00f5es: Moderado mas est\u00e1vel<\/strong><\/p>\n<p>Os mercados dos E.U. est\u00e3o ligeiramente no vermelho esta manh\u00e3. O S&amp;P 500 desceu ~0,1%, com os investidores a ponderarem um mercado petrol\u00edfero vol\u00e1til e um calend\u00e1rio macro repleto. As bolsas europeias est\u00e3o mais optimistas, com o DAX, CAC 40 e FTSE 100 a registarem uma ligeira subida, devido ao tom mais calmo das actualiza\u00e7\u00f5es das pol\u00edticas dos bancos centrais esperadas para o final da semana.<br \/>\nAs ac\u00e7\u00f5es dos sectores da tecnologia e do consumo est\u00e3o a oscilar, enquanto os nomes do sector da energia permanecem inst\u00e1veis entre a subida dos pre\u00e7os do petr\u00f3leo e a ansiedade geopol\u00edtica.<\/p>\n<p><strong>Petr\u00f3leo e Geopol\u00edtica: Petr\u00f3leo caro, manchetes tensas<\/strong><\/p>\n<p>O petr\u00f3leo bruto subiu acentuadamente no final da semana passada com as novas tens\u00f5es entre Israel e Ir\u00e3o, empurrando o WTI para o n\u00edvel $77, embora desde ent\u00e3o tenha perdido alguns ganhos. A preocupa\u00e7\u00e3o? A escalada poderia reacender as preocupa\u00e7\u00f5es com a infla\u00e7\u00e3o global, justamente quando os bancos centrais estavam a come\u00e7ar a respirar mais facilmente.<br \/>\nCom as rotas mar\u00edtimas e os riscos de produ\u00e7\u00e3o de volta \u00e0s manchetes, os mercados est\u00e3o nervosos. Os operadores do sector da energia est\u00e3o atentos a todas as not\u00edcias. Entretanto, os investidores em ac\u00e7\u00f5es est\u00e3o a ajustar as expectativas de infla\u00e7\u00e3o em conformidade.<\/p>\n<p><strong>Bancos centrais: Pausa na pol\u00edtica ou pivot?<\/strong><\/p>\n<p>Esta semana h\u00e1 um desfile de pol\u00edticas: a Fed, o BoE, o BoJ, o SNB, entre outros. N\u00e3o se esperam grandes surpresas por parte da Fed, mas as aten\u00e7\u00f5es est\u00e3o viradas para o gr\u00e1fico de pontos, especificamente, se os dois cortes projectados para 2025 continuam a ser cred\u00edveis.<br \/>\nNoutras partes do mundo, o SNB poder\u00e1 optar por cortes, devido a dados de infla\u00e7\u00e3o mais fracos, enquanto o BoJ do Jap\u00e3o poder\u00e1 avan\u00e7ar com uma orienta\u00e7\u00e3o de redu\u00e7\u00e3o gradual. Para j\u00e1, a diverg\u00eancia de pol\u00edticas continua a ser o nome do jogo.<\/p>\n<p><strong>Cimeira do G7: Sem comunicado, mas com muitos sinais<\/strong><\/p>\n<p>A Cimeira do G7 no Canad\u00e1 \u00e9 menos sobre grandes acordos e mais sobre a leitura das entrelinhas. Os l\u00edderes abandonaram o tradicional comunicado em favor de declara\u00e7\u00f5es pol\u00edticas individuais, um sinal claro de que o consenso \u00e9 fr\u00e1gil.<\/p>\n<p><strong>Principais conclus\u00f5es:<\/strong><\/p>\n<p>- Tens\u00f5es comerciais: Atr\u00e1s de portas fechadas, a press\u00e3o est\u00e1 a aumentar sobre as tarifas autom\u00f3veis dos EUA. A Europa e o Jap\u00e3o apelam \u00e0 calma para proteger uma coopera\u00e7\u00e3o econ\u00f3mica mais ampla.<\/p>\n<p>- San\u00e7\u00f5es russas: A UE, o Reino Unido e o Canad\u00e1 est\u00e3o a propor um limite mais rigoroso para o pre\u00e7o do petr\u00f3leo, mesmo que os EUA resistam.<\/p>\n<p>- M\u00e9dio Oriente: O conflito entre Israel e o Ir\u00e3o subiu \u00e0 ordem do dia, com os dirigentes a coordenarem em privado estrat\u00e9gias de resposta, tanto econ\u00f3micas como de seguran\u00e7a.<\/p>\n<p>Os mercados n\u00e3o est\u00e3o a prever qualquer avan\u00e7o que mexa com o mercado, mas os resultados bilaterais poder\u00e3o afetar sectores sens\u00edveis ao com\u00e9rcio.<\/p>\n<p><strong>Considera\u00e7\u00f5es finais<\/strong><\/p>\n<p>O mercado atual \u00e9 um jogo de esperar para ver. Os investidores n\u00e3o est\u00e3o a entrar em p\u00e2nico, mas tamb\u00e9m n\u00e3o est\u00e3o a avan\u00e7ar. A falta de coes\u00e3o do G7 sublinha a incerteza geopol\u00edtica mais alargada, enquanto a mesa redonda dos bancos centrais desta semana poder\u00e1 alterar as expectativas de taxas a n\u00edvel global.<br \/>\nResumindo: manter os olhos no petr\u00f3leo, os ouvidos em Powell e um olhar de lado para o Canad\u00e1 porque, embora nada tenha sido quebrado ainda, as pr\u00f3ximas sess\u00f5es podem fazer pender a balan\u00e7a.<\/p>\n<p>At\u00e9 \u00e0 pr\u00f3xima, todos v\u00f3s \"Trade Safe\"!<\/p>\n<p>Por James Trescothick<br \/>\nDiretor de Estudos de Mercado e An\u00e1lise de Mercado<\/p>\n<p>Aviso de risco: Esta informa\u00e7\u00e3o destina-se apenas a fins educativos e n\u00e3o constitui um conselho de investimento. Os mercados financeiros envolvem riscos e o desempenho passado n\u00e3o \u00e9 indicativo de resultados futuros. Realize sempre a sua pr\u00f3pria investiga\u00e7\u00e3o e procure aconselhamento profissional antes de tomar decis\u00f5es de investimento.<\/p>","protected":false},"excerpt":{"rendered":"<p>Ac\u00e7\u00f5es n\u00e3o se mexem, G7 em foco, geopol\u00edtica agita o pote Os mercados est\u00e3o a come\u00e7ar a semana com cautela. Os investidores est\u00e3o atentos a uma tempestade de potenciais movimentos de mercado, desde as reuni\u00f5es dos bancos centrais at\u00e9 ao desenrolar da cimeira do G7, com um not\u00e1vel olhar lateral para o M\u00e9dio Oriente. Ac\u00e7\u00f5es: Os mercados dos EUA est\u00e3o ligeiramente no vermelho esta [...]<\/p>","protected":false},"author":6,"featured_media":0,"comment_status":"open","ping_status":"open","sticky":false,"template":"","format":"standard","meta":{"_acf_changed":false,"inline_featured_image":false,"footnotes":""},"categories":[29,38],"tags":[],"class_list":["post-23446","post","type-post","status-publish","format-standard","hentry","category-daily-analysis","category-market-analysis"],"acf":[],"yoast_head":"<!-- This site is optimized with the Yoast SEO plugin v26.6 - https:\/\/yoast.com\/wordpress\/plugins\/seo\/ -->\n<title>Market Update \u2013 June 16, 2025: Will the G7 Be Unified? - OneRoyal News<\/title>\n<meta name=\"robots\" content=\"index, follow, max-snippet:-1, max-image-preview:large, max-video-preview:-1\" \/>\n<link rel=\"canonical\" href=\"https:\/\/OneRoyal.news\/vi\/daily-analysis\/market-update-june-16-2025-will-the-g7-be-unified\/\" \/>\n<meta property=\"og:locale\" content=\"pt_PT\" \/>\n<meta property=\"og:type\" content=\"article\" \/>\n<meta property=\"og:title\" content=\"Market Update \u2013 June 16, 2025: Will the G7 Be Unified? - OneRoyal News\" \/>\n<meta property=\"og:description\" content=\"Equities tread water, G7 in focus, geopolitics stir the pot Markets are starting the week cautiously. Investors are eyeing a storm of potential market movers from central bank meetings to the unfolding G7 summit with a notable side glance toward the Middle East. Equities: Subdued but steady U.S. markets are slightly in the red this [&hellip;]\" \/>\n<meta property=\"og:url\" content=\"https:\/\/OneRoyal.news\/vi\/daily-analysis\/market-update-june-16-2025-will-the-g7-be-unified\/\" \/>\n<meta property=\"og:site_name\" content=\"OneRoyal News\" \/>\n<meta property=\"article:published_time\" content=\"2025-06-16T08:03:37+00:00\" \/>\n<meta property=\"article:modified_time\" content=\"2025-06-20T07:13:25+00:00\" \/>\n<meta name=\"author\" content=\"James Trescothick\" \/>\n<meta name=\"twitter:card\" content=\"summary_large_image\" \/>\n<meta name=\"twitter:label1\" content=\"Escrito por\" \/>\n\t<meta name=\"twitter:data1\" content=\"James Trescothick\" \/>\n\t<meta name=\"twitter:label2\" content=\"Tempo estimado de leitura\" \/>\n\t<meta name=\"twitter:data2\" content=\"3 minutos\" \/>\n<script type=\"application\/ld+json\" class=\"yoast-schema-graph\">{\"@context\":\"https:\/\/schema.org\",\"@graph\":[{\"@type\":\"Article\",\"@id\":\"https:\/\/OneRoyal.news\/vi\/daily-analysis\/market-update-june-16-2025-will-the-g7-be-unified\/#article\",\"isPartOf\":{\"@id\":\"https:\/\/OneRoyal.news\/vi\/daily-analysis\/market-update-june-16-2025-will-the-g7-be-unified\/\"},\"author\":{\"name\":\"James Trescothick\",\"@id\":\"https:\/\/www.oneroyal.news\/cn\/#\/schema\/person\/5adf0466ee5c63b5ad9a1dde1f08ca11\"},\"headline\":\"Market Update \u2013 June 16, 2025: Will the G7 Be Unified?\",\"datePublished\":\"2025-06-16T08:03:37+00:00\",\"dateModified\":\"2025-06-20T07:13:25+00:00\",\"mainEntityOfPage\":{\"@id\":\"https:\/\/OneRoyal.news\/vi\/daily-analysis\/market-update-june-16-2025-will-the-g7-be-unified\/\"},\"wordCount\":536,\"commentCount\":0,\"publisher\":{\"@id\":\"https:\/\/www.oneroyal.news\/cn\/#organization\"},\"articleSection\":[\"Daily Analysis\",\"Market Analysis\"],\"inLanguage\":\"pt-PT\",\"potentialAction\":[{\"@type\":\"CommentAction\",\"name\":\"Comment\",\"target\":[\"https:\/\/OneRoyal.news\/vi\/daily-analysis\/market-update-june-16-2025-will-the-g7-be-unified\/#respond\"]}]},{\"@type\":\"WebPage\",\"@id\":\"https:\/\/OneRoyal.news\/vi\/daily-analysis\/market-update-june-16-2025-will-the-g7-be-unified\/\",\"url\":\"https:\/\/OneRoyal.news\/vi\/daily-analysis\/market-update-june-16-2025-will-the-g7-be-unified\/\",\"name\":\"Market Update \u2013 June 16, 2025: Will the G7 Be Unified? - OneRoyal News\",\"isPartOf\":{\"@id\":\"https:\/\/www.oneroyal.news\/cn\/#website\"},\"datePublished\":\"2025-06-16T08:03:37+00:00\",\"dateModified\":\"2025-06-20T07:13:25+00:00\",\"breadcrumb\":{\"@id\":\"https:\/\/OneRoyal.news\/vi\/daily-analysis\/market-update-june-16-2025-will-the-g7-be-unified\/#breadcrumb\"},\"inLanguage\":\"pt-PT\",\"potentialAction\":[{\"@type\":\"ReadAction\",\"target\":[\"https:\/\/OneRoyal.news\/vi\/daily-analysis\/market-update-june-16-2025-will-the-g7-be-unified\/\"]}]},{\"@type\":\"BreadcrumbList\",\"@id\":\"https:\/\/OneRoyal.news\/vi\/daily-analysis\/market-update-june-16-2025-will-the-g7-be-unified\/#breadcrumb\",\"itemListElement\":[{\"@type\":\"ListItem\",\"position\":1,\"name\":\"Home\",\"item\":\"https:\/\/www.oneroyal.news\/cn\/\"},{\"@type\":\"ListItem\",\"position\":2,\"name\":\"Market Update \u2013 June 16, 2025: Will the G7 Be Unified?\"}]},{\"@type\":\"WebSite\",\"@id\":\"https:\/\/www.oneroyal.news\/cn\/#website\",\"url\":\"https:\/\/www.oneroyal.news\/cn\/\",\"name\":\"OneRoyal News\",\"description\":\"\",\"publisher\":{\"@id\":\"https:\/\/www.oneroyal.news\/cn\/#organization\"},\"potentialAction\":[{\"@type\":\"SearchAction\",\"target\":{\"@type\":\"EntryPoint\",\"urlTemplate\":\"https:\/\/www.oneroyal.news\/cn\/?s={search_term_string}\"},\"query-input\":{\"@type\":\"PropertyValueSpecification\",\"valueRequired\":true,\"valueName\":\"search_term_string\"}}],\"inLanguage\":\"pt-PT\"},{\"@type\":\"Organization\",\"@id\":\"https:\/\/www.oneroyal.news\/cn\/#organization\",\"name\":\"OneRoyal News\",\"url\":\"https:\/\/www.oneroyal.news\/cn\/\",\"logo\":{\"@type\":\"ImageObject\",\"inLanguage\":\"pt-PT\",\"@id\":\"https:\/\/www.oneroyal.news\/cn\/#\/schema\/logo\/image\/\",\"url\":\"https:\/\/oneroyal.news\/wp-content\/uploads\/2025\/01\/OR-logo.svg\",\"contentUrl\":\"https:\/\/oneroyal.news\/wp-content\/uploads\/2025\/01\/OR-logo.svg\",\"width\":123,\"height\":18,\"caption\":\"OneRoyal News\"},\"image\":{\"@id\":\"https:\/\/www.oneroyal.news\/cn\/#\/schema\/logo\/image\/\"}},{\"@type\":\"Person\",\"@id\":\"https:\/\/www.oneroyal.news\/cn\/#\/schema\/person\/5adf0466ee5c63b5ad9a1dde1f08ca11\",\"name\":\"James Trescothick\",\"image\":{\"@type\":\"ImageObject\",\"inLanguage\":\"pt-PT\",\"@id\":\"https:\/\/www.oneroyal.news\/cn\/#\/schema\/person\/image\/\",\"url\":\"https:\/\/secure.gravatar.com\/avatar\/3ca0b17d003b3e31621d31fe7136e528?s=96&d=mm&r=g\",\"contentUrl\":\"https:\/\/secure.gravatar.com\/avatar\/3ca0b17d003b3e31621d31fe7136e528?s=96&d=mm&r=g\",\"caption\":\"James Trescothick\"},\"description\":\"James Trescothick is a seasoned financial markets expert with over 20 years' experience as a trader, analyst, and educator, currently leading market research at OneRoyal in Cyprus.\",\"url\":\"https:\/\/oneroyal.news\/pt\/author\/james-trescothick\/\"}]}<\/script>\n<!-- \/ Yoast SEO plugin. -->","yoast_head_json":{"title":"Atualiza\u00e7\u00e3o do Mercado - 16 de junho de 2025: O G7 ser\u00e1 unificado? - Not\u00edcias OneRoyal","robots":{"index":"index","follow":"follow","max-snippet":"max-snippet:-1","max-image-preview":"max-image-preview:large","max-video-preview":"max-video-preview:-1"},"canonical":"https:\/\/OneRoyal.news\/vi\/daily-analysis\/market-update-june-16-2025-will-the-g7-be-unified\/","og_locale":"pt_PT","og_type":"article","og_title":"Market Update \u2013 June 16, 2025: Will the G7 Be Unified? - OneRoyal News","og_description":"Equities tread water, G7 in focus, geopolitics stir the pot Markets are starting the week cautiously. Investors are eyeing a storm of potential market movers from central bank meetings to the unfolding G7 summit with a notable side glance toward the Middle East. Equities: Subdued but steady U.S. markets are slightly in the red this [&hellip;]","og_url":"https:\/\/OneRoyal.news\/vi\/daily-analysis\/market-update-june-16-2025-will-the-g7-be-unified\/","og_site_name":"OneRoyal News","article_published_time":"2025-06-16T08:03:37+00:00","article_modified_time":"2025-06-20T07:13:25+00:00","author":"James Trescothick","twitter_card":"summary_large_image","twitter_misc":{"Escrito por":"James Trescothick","Tempo estimado de leitura":"3 minutos"},"schema":{"@context":"https:\/\/schema.org","@graph":[{"@type":"Article","@id":"https:\/\/OneRoyal.news\/vi\/daily-analysis\/market-update-june-16-2025-will-the-g7-be-unified\/#article","isPartOf":{"@id":"https:\/\/OneRoyal.news\/vi\/daily-analysis\/market-update-june-16-2025-will-the-g7-be-unified\/"},"author":{"name":"James Trescothick","@id":"https:\/\/www.oneroyal.news\/cn\/#\/schema\/person\/5adf0466ee5c63b5ad9a1dde1f08ca11"},"headline":"Market Update \u2013 June 16, 2025: Will the G7 Be Unified?","datePublished":"2025-06-16T08:03:37+00:00","dateModified":"2025-06-20T07:13:25+00:00","mainEntityOfPage":{"@id":"https:\/\/OneRoyal.news\/vi\/daily-analysis\/market-update-june-16-2025-will-the-g7-be-unified\/"},"wordCount":536,"commentCount":0,"publisher":{"@id":"https:\/\/www.oneroyal.news\/cn\/#organization"},"articleSection":["Daily Analysis","Market Analysis"],"inLanguage":"pt-PT","potentialAction":[{"@type":"CommentAction","name":"Comment","target":["https:\/\/OneRoyal.news\/vi\/daily-analysis\/market-update-june-16-2025-will-the-g7-be-unified\/#respond"]}]},{"@type":"WebPage","@id":"https:\/\/OneRoyal.news\/vi\/daily-analysis\/market-update-june-16-2025-will-the-g7-be-unified\/","url":"https:\/\/OneRoyal.news\/vi\/daily-analysis\/market-update-june-16-2025-will-the-g7-be-unified\/","name":"Atualiza\u00e7\u00e3o do Mercado - 16 de junho de 2025: O G7 ser\u00e1 unificado? - Not\u00edcias OneRoyal","isPartOf":{"@id":"https:\/\/www.oneroyal.news\/cn\/#website"},"datePublished":"2025-06-16T08:03:37+00:00","dateModified":"2025-06-20T07:13:25+00:00","breadcrumb":{"@id":"https:\/\/OneRoyal.news\/vi\/daily-analysis\/market-update-june-16-2025-will-the-g7-be-unified\/#breadcrumb"},"inLanguage":"pt-PT","potentialAction":[{"@type":"ReadAction","target":["https:\/\/OneRoyal.news\/vi\/daily-analysis\/market-update-june-16-2025-will-the-g7-be-unified\/"]}]},{"@type":"BreadcrumbList","@id":"https:\/\/OneRoyal.news\/vi\/daily-analysis\/market-update-june-16-2025-will-the-g7-be-unified\/#breadcrumb","itemListElement":[{"@type":"ListItem","position":1,"name":"Home","item":"https:\/\/www.oneroyal.news\/cn\/"},{"@type":"ListItem","position":2,"name":"Market Update \u2013 June 16, 2025: Will the G7 Be Unified?"}]},{"@type":"WebSite","@id":"https:\/\/www.oneroyal.news\/cn\/#website","url":"https:\/\/www.oneroyal.news\/cn\/","name":"Not\u00edcias OneRoyal","description":"","publisher":{"@id":"https:\/\/www.oneroyal.news\/cn\/#organization"},"potentialAction":[{"@type":"SearchAction","target":{"@type":"EntryPoint","urlTemplate":"https:\/\/www.oneroyal.news\/cn\/?s={search_term_string}"},"query-input":{"@type":"PropertyValueSpecification","valueRequired":true,"valueName":"search_term_string"}}],"inLanguage":"pt-PT"},{"@type":"Organization","@id":"https:\/\/www.oneroyal.news\/cn\/#organization","name":"Not\u00edcias OneRoyal","url":"https:\/\/www.oneroyal.news\/cn\/","logo":{"@type":"ImageObject","inLanguage":"pt-PT","@id":"https:\/\/www.oneroyal.news\/cn\/#\/schema\/logo\/image\/","url":"https:\/\/oneroyal.news\/wp-content\/uploads\/2025\/01\/OR-logo.svg","contentUrl":"https:\/\/oneroyal.news\/wp-content\/uploads\/2025\/01\/OR-logo.svg","width":123,"height":18,"caption":"OneRoyal News"},"image":{"@id":"https:\/\/www.oneroyal.news\/cn\/#\/schema\/logo\/image\/"}},{"@type":"Person","@id":"https:\/\/www.oneroyal.news\/cn\/#\/schema\/person\/5adf0466ee5c63b5ad9a1dde1f08ca11","name":"James Trescothick","image":{"@type":"ImageObject","inLanguage":"pt-PT","@id":"https:\/\/www.oneroyal.news\/cn\/#\/schema\/person\/image\/","url":"https:\/\/secure.gravatar.com\/avatar\/3ca0b17d003b3e31621d31fe7136e528?s=96&d=mm&r=g","contentUrl":"https:\/\/secure.gravatar.com\/avatar\/3ca0b17d003b3e31621d31fe7136e528?s=96&d=mm&r=g","caption":"James Trescothick"},"description":"James Trescothick \u00e9 um experiente especialista em mercados financeiros com mais de 20 anos de experi\u00eancia como trader, analista e educador, atualmente a liderar os estudos de mercado na OneRoyal em Chipre.","url":"https:\/\/oneroyal.news\/pt\/author\/james-trescothick\/"}]}},"_links":{"self":[{"href":"https:\/\/oneroyal.news\/pt\/wp-json\/wp\/v2\/posts\/23446","targetHints":{"allow":["GET"]}}],"collection":[{"href":"https:\/\/oneroyal.news\/pt\/wp-json\/wp\/v2\/posts"}],"about":[{"href":"https:\/\/oneroyal.news\/pt\/wp-json\/wp\/v2\/types\/post"}],"author":[{"embeddable":true,"href":"https:\/\/oneroyal.news\/pt\/wp-json\/wp\/v2\/users\/6"}],"replies":[{"embeddable":true,"href":"https:\/\/oneroyal.news\/pt\/wp-json\/wp\/v2\/comments?post=23446"}],"version-history":[{"count":1,"href":"https:\/\/oneroyal.news\/pt\/wp-json\/wp\/v2\/posts\/23446\/revisions"}],"predecessor-version":[{"id":23447,"href":"https:\/\/oneroyal.news\/pt\/wp-json\/wp\/v2\/posts\/23446\/revisions\/23447"}],"wp:attachment":[{"href":"https:\/\/oneroyal.news\/pt\/wp-json\/wp\/v2\/media?parent=23446"}],"wp:term":[{"taxonomy":"category","embeddable":true,"href":"https:\/\/oneroyal.news\/pt\/wp-json\/wp\/v2\/categories?post=23446"},{"taxonomy":"post_tag","embeddable":true,"href":"https:\/\/oneroyal.news\/pt\/wp-json\/wp\/v2\/tags?post=23446"}],"curies":[{"name":"wp","href":"https:\/\/api.w.org\/{rel}","templated":true}]}}