{"id":23383,"date":"2025-03-26T07:51:30","date_gmt":"2025-03-26T07:51:30","guid":{"rendered":"https:\/\/oneroyal.news\/?p=23383"},"modified":"2025-06-20T07:18:27","modified_gmt":"2025-06-20T07:18:27","slug":"muscat-iftar-event-by-oneroyal-a-night-to-remember-2","status":"publish","type":"post","link":"https:\/\/oneroyal.news\/pt\/csr\/muscat-iftar-event-by-oneroyal-a-night-to-remember-2\/","title":{"rendered":"Evento Muscat Iftar da OneRoyal: Uma noite para recordar"},"content":{"rendered":"<p>A OneRoyal deu vida ao esp\u00edrito do Ramad\u00e3o com um evento Iftar inesquec\u00edvel em Mascate. O que come\u00e7ou por ser um encontro para 125 convidados transformou-se numa grande celebra\u00e7\u00e3o, com mais de 270 participantes a juntarem-se a n\u00f3s para uma noite de uni\u00e3o, gratid\u00e3o e comunidade. <\/p>\n<p>O evento foi um belo reflexo do m\u00eas sagrado, uma noite repleta de calor, liga\u00e7\u00e3o e b\u00ean\u00e7\u00e3os partilhadas. Tornou-se ainda mais especial gra\u00e7as aos esfor\u00e7os de Syed Tanvir Ahmmed, o nosso Diretor Executivo do escrit\u00f3rio de Om\u00e3, que organizou toda a noite com uma gra\u00e7a e hospitalidade excepcionais. <\/p>\n<p>Estamos verdadeiramente gratos a todos os que participaram e ajudaram a tornar este evento um sucesso t\u00e3o significativo. A vossa presen\u00e7a recordou-nos o poder da comunidade e a import\u00e2ncia de nos juntarmos para celebrar tradi\u00e7\u00f5es. <\/p>\n<p>\u00c0 medida que a OneRoyal continua a aumentar a sua presen\u00e7a em Om\u00e3, momentos como este real\u00e7am os fortes la\u00e7os que estamos a construir ao longo do caminho. Obrigado, Muscat, pelo vosso caloroso acolhimento e apoio. Um brinde a muitos mais eventos, mem\u00f3rias e marcos juntos.  <\/p>\n<p>Mantenha-se ligado \u00e0 OneRoyal \u00e0 medida que nos expandimos e criamos mais oportunidades para nos reunirmos e crescermos em toda a regi\u00e3o.<br \/>\n<img fetchpriority=\"high\" decoding=\"async\" src=\"https:\/\/OneRoyal.news\/wp-content\/uploads\/2025\/06\/Iftar-5-300x200.jpg\" alt=\"\" width=\"300\" height=\"200\" class=\"alignnone size-medium wp-image-23385\" srcset=\"https:\/\/OneRoyal.news\/wp-content\/uploads\/2025\/06\/Iftar-5-300x200.jpg 300w, https:\/\/OneRoyal.news\/wp-content\/uploads\/2025\/06\/Iftar-5-1024x683.jpg 1024w, https:\/\/OneRoyal.news\/wp-content\/uploads\/2025\/06\/Iftar-5-768x512.jpg 768w, https:\/\/OneRoyal.news\/wp-content\/uploads\/2025\/06\/Iftar-5-1536x1024.jpg 1536w, https:\/\/OneRoyal.news\/wp-content\/uploads\/2025\/06\/Iftar-5-2048x1365.jpg 2048w, https:\/\/OneRoyal.news\/wp-content\/uploads\/2025\/06\/Iftar-5-18x12.jpg 18w\" sizes=\"(max-width: 300px) 100vw, 300px\" \/><\/p>\n<p><img decoding=\"async\" src=\"https:\/\/OneRoyal.news\/wp-content\/uploads\/2025\/06\/Iftar-3-300x200.jpg\" alt=\"\" width=\"300\" height=\"200\" class=\"alignnone size-medium wp-image-23386\" srcset=\"https:\/\/OneRoyal.news\/wp-content\/uploads\/2025\/06\/Iftar-3-300x200.jpg 300w, https:\/\/OneRoyal.news\/wp-content\/uploads\/2025\/06\/Iftar-3-1024x683.jpg 1024w, https:\/\/OneRoyal.news\/wp-content\/uploads\/2025\/06\/Iftar-3-768x512.jpg 768w, https:\/\/OneRoyal.news\/wp-content\/uploads\/2025\/06\/Iftar-3-1536x1024.jpg 1536w, https:\/\/OneRoyal.news\/wp-content\/uploads\/2025\/06\/Iftar-3-2048x1365.jpg 2048w, https:\/\/OneRoyal.news\/wp-content\/uploads\/2025\/06\/Iftar-3-18x12.jpg 18w\" sizes=\"(max-width: 300px) 100vw, 300px\" \/><\/p>\n<p><img decoding=\"async\" src=\"https:\/\/OneRoyal.news\/wp-content\/uploads\/2025\/06\/Iftar-2-300x200.jpg\" alt=\"\" width=\"300\" height=\"200\" class=\"alignnone size-medium wp-image-23387\" srcset=\"https:\/\/OneRoyal.news\/wp-content\/uploads\/2025\/06\/Iftar-2-300x200.jpg 300w, https:\/\/OneRoyal.news\/wp-content\/uploads\/2025\/06\/Iftar-2-768x512.jpg 768w, https:\/\/OneRoyal.news\/wp-content\/uploads\/2025\/06\/Iftar-2-18x12.jpg 18w, https:\/\/OneRoyal.news\/wp-content\/uploads\/2025\/06\/Iftar-2.jpg 800w\" sizes=\"(max-width: 300px) 100vw, 300px\" \/><\/p>\n<p><img loading=\"lazy\" decoding=\"async\" src=\"https:\/\/OneRoyal.news\/wp-content\/uploads\/2025\/06\/Iftar-1-300x200.jpg\" alt=\"\" width=\"300\" height=\"200\" class=\"alignnone size-medium wp-image-23388\" srcset=\"https:\/\/OneRoyal.news\/wp-content\/uploads\/2025\/06\/Iftar-1-300x200.jpg 300w, https:\/\/OneRoyal.news\/wp-content\/uploads\/2025\/06\/Iftar-1-768x512.jpg 768w, https:\/\/OneRoyal.news\/wp-content\/uploads\/2025\/06\/Iftar-1-18x12.jpg 18w, https:\/\/OneRoyal.news\/wp-content\/uploads\/2025\/06\/Iftar-1.jpg 800w\" sizes=\"(max-width: 300px) 100vw, 300px\" \/><\/p>","protected":false},"excerpt":{"rendered":"<p>A OneRoyal deu vida ao esp\u00edrito do Ramad\u00e3o com um evento Iftar inesquec\u00edvel em Mascate. O que come\u00e7ou por ser um encontro para 125 convidados transformou-se numa grande celebra\u00e7\u00e3o, com mais de 270 participantes a juntarem-se a n\u00f3s para uma noite de uni\u00e3o, gratid\u00e3o e comunidade. O evento foi um belo reflexo do m\u00eas sagrado, uma noite [...]<\/p>","protected":false},"author":3,"featured_media":23384,"comment_status":"open","ping_status":"open","sticky":false,"template":"","format":"standard","meta":{"_acf_changed":false,"inline_featured_image":false,"footnotes":""},"categories":[76,79,27],"tags":[],"class_list":["post-23383","post","type-post","status-publish","format-standard","has-post-thumbnail","hentry","category-csr","category-oman","category-events"],"acf":[],"yoast_head":"<!-- This site is optimized with the Yoast SEO plugin v26.6 - https:\/\/yoast.com\/wordpress\/plugins\/seo\/ -->\n<title>Muscat Iftar Event by OneRoyal: A Night to Remember - OneRoyal News<\/title>\n<meta name=\"robots\" content=\"index, follow, max-snippet:-1, max-image-preview:large, max-video-preview:-1\" \/>\n<link rel=\"canonical\" href=\"https:\/\/www.oneroyal.news\/cn\/csr\/muscat-iftar-event-by-oneroyal-a-night-to-remember-2\/\" \/>\n<meta property=\"og:locale\" content=\"pt_PT\" \/>\n<meta property=\"og:type\" content=\"article\" \/>\n<meta property=\"og:title\" content=\"Muscat Iftar Event by OneRoyal: A Night to Remember - OneRoyal News\" \/>\n<meta property=\"og:description\" content=\"OneRoyal brought the spirit of Ramadan to life with an unforgettable Iftar event in Muscat. What started as a gathering for 125 invited guests turned into a grand celebration, with over 270 attendees joining us for a night of unity, gratitude, and community. The event was a beautiful reflection of the holy month an evening [&hellip;]\" \/>\n<meta property=\"og:url\" content=\"https:\/\/www.oneroyal.news\/cn\/csr\/muscat-iftar-event-by-oneroyal-a-night-to-remember-2\/\" \/>\n<meta property=\"og:site_name\" content=\"OneRoyal News\" \/>\n<meta property=\"article:published_time\" content=\"2025-03-26T07:51:30+00:00\" \/>\n<meta property=\"article:modified_time\" content=\"2025-06-20T07:18:27+00:00\" \/>\n<meta property=\"og:image\" content=\"https:\/\/www.oneroyal.news\/wp-content\/uploads\/2025\/06\/Iftar-4-scaled.jpg\" \/>\n\t<meta property=\"og:image:width\" content=\"2560\" \/>\n\t<meta property=\"og:image:height\" content=\"1525\" \/>\n\t<meta property=\"og:image:type\" content=\"image\/jpeg\" \/>\n<meta name=\"author\" content=\"OneRoyal\" \/>\n<meta name=\"twitter:card\" content=\"summary_large_image\" \/>\n<meta name=\"twitter:label1\" content=\"Escrito por\" \/>\n\t<meta name=\"twitter:data1\" content=\"OneRoyal\" \/>\n\t<meta name=\"twitter:label2\" content=\"Tempo estimado de leitura\" \/>\n\t<meta name=\"twitter:data2\" content=\"1 minuto\" \/>\n<script type=\"application\/ld+json\" class=\"yoast-schema-graph\">{\"@context\":\"https:\/\/schema.org\",\"@graph\":[{\"@type\":\"Article\",\"@id\":\"https:\/\/www.oneroyal.news\/cn\/csr\/muscat-iftar-event-by-oneroyal-a-night-to-remember-2\/#article\",\"isPartOf\":{\"@id\":\"https:\/\/www.oneroyal.news\/cn\/csr\/muscat-iftar-event-by-oneroyal-a-night-to-remember-2\/\"},\"author\":{\"name\":\"OneRoyal\",\"@id\":\"https:\/\/www.oneroyal.news\/cn\/#\/schema\/person\/8aacb8bf211e91f88e76e1c64257a917\"},\"headline\":\"Muscat Iftar Event by OneRoyal: A Night to Remember\",\"datePublished\":\"2025-03-26T07:51:30+00:00\",\"dateModified\":\"2025-06-20T07:18:27+00:00\",\"mainEntityOfPage\":{\"@id\":\"https:\/\/www.oneroyal.news\/cn\/csr\/muscat-iftar-event-by-oneroyal-a-night-to-remember-2\/\"},\"wordCount\":194,\"commentCount\":0,\"publisher\":{\"@id\":\"https:\/\/www.oneroyal.news\/cn\/#organization\"},\"image\":{\"@id\":\"https:\/\/www.oneroyal.news\/cn\/csr\/muscat-iftar-event-by-oneroyal-a-night-to-remember-2\/#primaryimage\"},\"thumbnailUrl\":\"https:\/\/oneroyal.news\/wp-content\/uploads\/2025\/06\/Iftar-4-scaled.jpg\",\"articleSection\":[\"csr\",\"Oman\",\"OneRoyal Events\"],\"inLanguage\":\"pt-PT\",\"potentialAction\":[{\"@type\":\"CommentAction\",\"name\":\"Comment\",\"target\":[\"https:\/\/www.oneroyal.news\/cn\/csr\/muscat-iftar-event-by-oneroyal-a-night-to-remember-2\/#respond\"]}]},{\"@type\":\"WebPage\",\"@id\":\"https:\/\/www.oneroyal.news\/cn\/csr\/muscat-iftar-event-by-oneroyal-a-night-to-remember-2\/\",\"url\":\"https:\/\/www.oneroyal.news\/cn\/csr\/muscat-iftar-event-by-oneroyal-a-night-to-remember-2\/\",\"name\":\"Muscat Iftar Event by OneRoyal: A Night to Remember - OneRoyal News\",\"isPartOf\":{\"@id\":\"https:\/\/www.oneroyal.news\/cn\/#website\"},\"primaryImageOfPage\":{\"@id\":\"https:\/\/www.oneroyal.news\/cn\/csr\/muscat-iftar-event-by-oneroyal-a-night-to-remember-2\/#primaryimage\"},\"image\":{\"@id\":\"https:\/\/www.oneroyal.news\/cn\/csr\/muscat-iftar-event-by-oneroyal-a-night-to-remember-2\/#primaryimage\"},\"thumbnailUrl\":\"https:\/\/oneroyal.news\/wp-content\/uploads\/2025\/06\/Iftar-4-scaled.jpg\",\"datePublished\":\"2025-03-26T07:51:30+00:00\",\"dateModified\":\"2025-06-20T07:18:27+00:00\",\"breadcrumb\":{\"@id\":\"https:\/\/www.oneroyal.news\/cn\/csr\/muscat-iftar-event-by-oneroyal-a-night-to-remember-2\/#breadcrumb\"},\"inLanguage\":\"pt-PT\",\"potentialAction\":[{\"@type\":\"ReadAction\",\"target\":[\"https:\/\/www.oneroyal.news\/cn\/csr\/muscat-iftar-event-by-oneroyal-a-night-to-remember-2\/\"]}]},{\"@type\":\"ImageObject\",\"inLanguage\":\"pt-PT\",\"@id\":\"https:\/\/www.oneroyal.news\/cn\/csr\/muscat-iftar-event-by-oneroyal-a-night-to-remember-2\/#primaryimage\",\"url\":\"https:\/\/oneroyal.news\/wp-content\/uploads\/2025\/06\/Iftar-4-scaled.jpg\",\"contentUrl\":\"https:\/\/oneroyal.news\/wp-content\/uploads\/2025\/06\/Iftar-4-scaled.jpg\",\"width\":2560,\"height\":1525},{\"@type\":\"BreadcrumbList\",\"@id\":\"https:\/\/www.oneroyal.news\/cn\/csr\/muscat-iftar-event-by-oneroyal-a-night-to-remember-2\/#breadcrumb\",\"itemListElement\":[{\"@type\":\"ListItem\",\"position\":1,\"name\":\"Home\",\"item\":\"https:\/\/www.oneroyal.news\/cn\/\"},{\"@type\":\"ListItem\",\"position\":2,\"name\":\"Muscat Iftar Event by OneRoyal: A Night to Remember\"}]},{\"@type\":\"WebSite\",\"@id\":\"https:\/\/www.oneroyal.news\/cn\/#website\",\"url\":\"https:\/\/www.oneroyal.news\/cn\/\",\"name\":\"OneRoyal News\",\"description\":\"\",\"publisher\":{\"@id\":\"https:\/\/www.oneroyal.news\/cn\/#organization\"},\"potentialAction\":[{\"@type\":\"SearchAction\",\"target\":{\"@type\":\"EntryPoint\",\"urlTemplate\":\"https:\/\/www.oneroyal.news\/cn\/?s={search_term_string}\"},\"query-input\":{\"@type\":\"PropertyValueSpecification\",\"valueRequired\":true,\"valueName\":\"search_term_string\"}}],\"inLanguage\":\"pt-PT\"},{\"@type\":\"Organization\",\"@id\":\"https:\/\/www.oneroyal.news\/cn\/#organization\",\"name\":\"OneRoyal News\",\"url\":\"https:\/\/www.oneroyal.news\/cn\/\",\"logo\":{\"@type\":\"ImageObject\",\"inLanguage\":\"pt-PT\",\"@id\":\"https:\/\/www.oneroyal.news\/cn\/#\/schema\/logo\/image\/\",\"url\":\"https:\/\/oneroyal.news\/wp-content\/uploads\/2025\/01\/OR-logo.svg\",\"contentUrl\":\"https:\/\/oneroyal.news\/wp-content\/uploads\/2025\/01\/OR-logo.svg\",\"width\":123,\"height\":18,\"caption\":\"OneRoyal News\"},\"image\":{\"@id\":\"https:\/\/www.oneroyal.news\/cn\/#\/schema\/logo\/image\/\"}},{\"@type\":\"Person\",\"@id\":\"https:\/\/www.oneroyal.news\/cn\/#\/schema\/person\/8aacb8bf211e91f88e76e1c64257a917\",\"name\":\"OneRoyal\",\"image\":{\"@type\":\"ImageObject\",\"inLanguage\":\"pt-PT\",\"@id\":\"https:\/\/www.oneroyal.news\/cn\/#\/schema\/person\/image\/\",\"url\":\"https:\/\/secure.gravatar.com\/avatar\/1d8c080bb7c4d2a1b100b7e736b0b7e7?s=96&d=mm&r=g\",\"contentUrl\":\"https:\/\/secure.gravatar.com\/avatar\/1d8c080bb7c4d2a1b100b7e736b0b7e7?s=96&d=mm&r=g\",\"caption\":\"OneRoyal\"},\"description\":\"The OneRoyal team delivers trusted market updates, official company news, and essential announcements to keep our trading community informed and empowered.\",\"url\":\"https:\/\/oneroyal.news\/pt\/author\/marketingoneroyal-com\/\"}]}<\/script>\n<!-- \/ Yoast SEO plugin. -->","yoast_head_json":{"title":"Evento Muscat Iftar da OneRoyal: Uma noite para recordar - Not\u00edcias OneRoyal","robots":{"index":"index","follow":"follow","max-snippet":"max-snippet:-1","max-image-preview":"max-image-preview:large","max-video-preview":"max-video-preview:-1"},"canonical":"https:\/\/www.oneroyal.news\/cn\/csr\/muscat-iftar-event-by-oneroyal-a-night-to-remember-2\/","og_locale":"pt_PT","og_type":"article","og_title":"Muscat Iftar Event by OneRoyal: A Night to Remember - OneRoyal News","og_description":"OneRoyal brought the spirit of Ramadan to life with an unforgettable Iftar event in Muscat. What started as a gathering for 125 invited guests turned into a grand celebration, with over 270 attendees joining us for a night of unity, gratitude, and community. The event was a beautiful reflection of the holy month an evening [&hellip;]","og_url":"https:\/\/www.oneroyal.news\/cn\/csr\/muscat-iftar-event-by-oneroyal-a-night-to-remember-2\/","og_site_name":"OneRoyal News","article_published_time":"2025-03-26T07:51:30+00:00","article_modified_time":"2025-06-20T07:18:27+00:00","og_image":[{"width":2560,"height":1525,"url":"https:\/\/www.oneroyal.news\/wp-content\/uploads\/2025\/06\/Iftar-4-scaled.jpg","type":"image\/jpeg"}],"author":"OneRoyal","twitter_card":"summary_large_image","twitter_misc":{"Escrito por":"OneRoyal","Tempo estimado de leitura":"1 minuto"},"schema":{"@context":"https:\/\/schema.org","@graph":[{"@type":"Article","@id":"https:\/\/www.oneroyal.news\/cn\/csr\/muscat-iftar-event-by-oneroyal-a-night-to-remember-2\/#article","isPartOf":{"@id":"https:\/\/www.oneroyal.news\/cn\/csr\/muscat-iftar-event-by-oneroyal-a-night-to-remember-2\/"},"author":{"name":"OneRoyal","@id":"https:\/\/www.oneroyal.news\/cn\/#\/schema\/person\/8aacb8bf211e91f88e76e1c64257a917"},"headline":"Muscat Iftar Event by OneRoyal: A Night to Remember","datePublished":"2025-03-26T07:51:30+00:00","dateModified":"2025-06-20T07:18:27+00:00","mainEntityOfPage":{"@id":"https:\/\/www.oneroyal.news\/cn\/csr\/muscat-iftar-event-by-oneroyal-a-night-to-remember-2\/"},"wordCount":194,"commentCount":0,"publisher":{"@id":"https:\/\/www.oneroyal.news\/cn\/#organization"},"image":{"@id":"https:\/\/www.oneroyal.news\/cn\/csr\/muscat-iftar-event-by-oneroyal-a-night-to-remember-2\/#primaryimage"},"thumbnailUrl":"https:\/\/oneroyal.news\/wp-content\/uploads\/2025\/06\/Iftar-4-scaled.jpg","articleSection":["csr","Oman","OneRoyal Events"],"inLanguage":"pt-PT","potentialAction":[{"@type":"CommentAction","name":"Comment","target":["https:\/\/www.oneroyal.news\/cn\/csr\/muscat-iftar-event-by-oneroyal-a-night-to-remember-2\/#respond"]}]},{"@type":"WebPage","@id":"https:\/\/www.oneroyal.news\/cn\/csr\/muscat-iftar-event-by-oneroyal-a-night-to-remember-2\/","url":"https:\/\/www.oneroyal.news\/cn\/csr\/muscat-iftar-event-by-oneroyal-a-night-to-remember-2\/","name":"Evento Muscat Iftar da OneRoyal: Uma noite para recordar - Not\u00edcias OneRoyal","isPartOf":{"@id":"https:\/\/www.oneroyal.news\/cn\/#website"},"primaryImageOfPage":{"@id":"https:\/\/www.oneroyal.news\/cn\/csr\/muscat-iftar-event-by-oneroyal-a-night-to-remember-2\/#primaryimage"},"image":{"@id":"https:\/\/www.oneroyal.news\/cn\/csr\/muscat-iftar-event-by-oneroyal-a-night-to-remember-2\/#primaryimage"},"thumbnailUrl":"https:\/\/oneroyal.news\/wp-content\/uploads\/2025\/06\/Iftar-4-scaled.jpg","datePublished":"2025-03-26T07:51:30+00:00","dateModified":"2025-06-20T07:18:27+00:00","breadcrumb":{"@id":"https:\/\/www.oneroyal.news\/cn\/csr\/muscat-iftar-event-by-oneroyal-a-night-to-remember-2\/#breadcrumb"},"inLanguage":"pt-PT","potentialAction":[{"@type":"ReadAction","target":["https:\/\/www.oneroyal.news\/cn\/csr\/muscat-iftar-event-by-oneroyal-a-night-to-remember-2\/"]}]},{"@type":"ImageObject","inLanguage":"pt-PT","@id":"https:\/\/www.oneroyal.news\/cn\/csr\/muscat-iftar-event-by-oneroyal-a-night-to-remember-2\/#primaryimage","url":"https:\/\/oneroyal.news\/wp-content\/uploads\/2025\/06\/Iftar-4-scaled.jpg","contentUrl":"https:\/\/oneroyal.news\/wp-content\/uploads\/2025\/06\/Iftar-4-scaled.jpg","width":2560,"height":1525},{"@type":"BreadcrumbList","@id":"https:\/\/www.oneroyal.news\/cn\/csr\/muscat-iftar-event-by-oneroyal-a-night-to-remember-2\/#breadcrumb","itemListElement":[{"@type":"ListItem","position":1,"name":"Home","item":"https:\/\/www.oneroyal.news\/cn\/"},{"@type":"ListItem","position":2,"name":"Muscat Iftar Event by OneRoyal: A Night to Remember"}]},{"@type":"WebSite","@id":"https:\/\/www.oneroyal.news\/cn\/#website","url":"https:\/\/www.oneroyal.news\/cn\/","name":"Not\u00edcias OneRoyal","description":"","publisher":{"@id":"https:\/\/www.oneroyal.news\/cn\/#organization"},"potentialAction":[{"@type":"SearchAction","target":{"@type":"EntryPoint","urlTemplate":"https:\/\/www.oneroyal.news\/cn\/?s={search_term_string}"},"query-input":{"@type":"PropertyValueSpecification","valueRequired":true,"valueName":"search_term_string"}}],"inLanguage":"pt-PT"},{"@type":"Organization","@id":"https:\/\/www.oneroyal.news\/cn\/#organization","name":"Not\u00edcias OneRoyal","url":"https:\/\/www.oneroyal.news\/cn\/","logo":{"@type":"ImageObject","inLanguage":"pt-PT","@id":"https:\/\/www.oneroyal.news\/cn\/#\/schema\/logo\/image\/","url":"https:\/\/oneroyal.news\/wp-content\/uploads\/2025\/01\/OR-logo.svg","contentUrl":"https:\/\/oneroyal.news\/wp-content\/uploads\/2025\/01\/OR-logo.svg","width":123,"height":18,"caption":"OneRoyal News"},"image":{"@id":"https:\/\/www.oneroyal.news\/cn\/#\/schema\/logo\/image\/"}},{"@type":"Person","@id":"https:\/\/www.oneroyal.news\/cn\/#\/schema\/person\/8aacb8bf211e91f88e76e1c64257a917","name":"OneRoyal","image":{"@type":"ImageObject","inLanguage":"pt-PT","@id":"https:\/\/www.oneroyal.news\/cn\/#\/schema\/person\/image\/","url":"https:\/\/secure.gravatar.com\/avatar\/1d8c080bb7c4d2a1b100b7e736b0b7e7?s=96&d=mm&r=g","contentUrl":"https:\/\/secure.gravatar.com\/avatar\/1d8c080bb7c4d2a1b100b7e736b0b7e7?s=96&d=mm&r=g","caption":"OneRoyal"},"description":"A equipa da OneRoyal fornece actualiza\u00e7\u00f5es de mercado fi\u00e1veis, not\u00edcias oficiais da empresa e an\u00fancios essenciais para manter a nossa comunidade comercial informada e capacitada.","url":"https:\/\/oneroyal.news\/pt\/author\/marketingoneroyal-com\/"}]}},"_links":{"self":[{"href":"https:\/\/oneroyal.news\/pt\/wp-json\/wp\/v2\/posts\/23383","targetHints":{"allow":["GET"]}}],"collection":[{"href":"https:\/\/oneroyal.news\/pt\/wp-json\/wp\/v2\/posts"}],"about":[{"href":"https:\/\/oneroyal.news\/pt\/wp-json\/wp\/v2\/types\/post"}],"author":[{"embeddable":true,"href":"https:\/\/oneroyal.news\/pt\/wp-json\/wp\/v2\/users\/3"}],"replies":[{"embeddable":true,"href":"https:\/\/oneroyal.news\/pt\/wp-json\/wp\/v2\/comments?post=23383"}],"version-history":[{"count":1,"href":"https:\/\/oneroyal.news\/pt\/wp-json\/wp\/v2\/posts\/23383\/revisions"}],"predecessor-version":[{"id":23389,"href":"https:\/\/oneroyal.news\/pt\/wp-json\/wp\/v2\/posts\/23383\/revisions\/23389"}],"wp:featuredmedia":[{"embeddable":true,"href":"https:\/\/oneroyal.news\/pt\/wp-json\/wp\/v2\/media\/23384"}],"wp:attachment":[{"href":"https:\/\/oneroyal.news\/pt\/wp-json\/wp\/v2\/media?parent=23383"}],"wp:term":[{"taxonomy":"category","embeddable":true,"href":"https:\/\/oneroyal.news\/pt\/wp-json\/wp\/v2\/categories?post=23383"},{"taxonomy":"post_tag","embeddable":true,"href":"https:\/\/oneroyal.news\/pt\/wp-json\/wp\/v2\/tags?post=23383"}],"curies":[{"name":"wp","href":"https:\/\/api.w.org\/{rel}","templated":true}]}}