{"id":23383,"date":"2025-03-26T07:51:30","date_gmt":"2025-03-26T07:51:30","guid":{"rendered":"https:\/\/oneroyal.news\/?p=23383"},"modified":"2025-06-20T07:18:27","modified_gmt":"2025-06-20T07:18:27","slug":"muscat-iftar-event-by-oneroyal-a-night-to-remember-2","status":"publish","type":"post","link":"https:\/\/oneroyal.news\/es\/csr\/muscat-iftar-event-by-oneroyal-a-night-to-remember-2\/","title":{"rendered":"Evento Iftar en Mascate por OneRoyal: Una noche para recordar"},"content":{"rendered":"<p>OneRoyal dio vida al esp\u00edritu del Ramad\u00e1n con un inolvidable Iftar en Mascate. Lo que comenz\u00f3 como una reuni\u00f3n para 125 invitados se convirti\u00f3 en una gran celebraci\u00f3n, con m\u00e1s de 270 asistentes que se unieron a nosotros en una noche de unidad, gratitud y comunidad. <\/p>\n<p>El acto fue un hermoso reflejo del mes sagrado, una velada llena de calidez, conexi\u00f3n y bendiciones compartidas. Fue a\u00fan m\u00e1s especial gracias a los esfuerzos de Syed Tanvir Ahmmed, nuestro Director Ejecutivo para la oficina de Om\u00e1n, que organiz\u00f3 toda la velada con una gracia y una hospitalidad excepcionales. <\/p>\n<p>Estamos muy agradecidos a todos los que asistieron y ayudaron a que este acto fuera un \u00e9xito tan significativo. Vuestra presencia nos ha recordado el poder de la comunidad y la importancia de reunirnos para celebrar las tradiciones. <\/p>\n<p>A medida que OneRoyal contin\u00faa aumentando su presencia en Om\u00e1n, momentos como estos ponen de relieve los fuertes lazos que estamos construyendo en el camino. Gracias, Mascate, por tu sincera bienvenida y apoyo. Por muchos m\u00e1s eventos, recuerdos e hitos juntos.  <\/p>\n<p>Mant\u00e9ngase en contacto con OneRoyal a medida que nos expandimos y creamos m\u00e1s oportunidades para reunirse y crecer en toda la regi\u00f3n.<br \/>\n<img fetchpriority=\"high\" decoding=\"async\" src=\"https:\/\/OneRoyal.news\/wp-content\/uploads\/2025\/06\/Iftar-5-300x200.jpg\" alt=\"\" width=\"300\" height=\"200\" class=\"alignnone size-medium wp-image-23385\" srcset=\"https:\/\/OneRoyal.news\/wp-content\/uploads\/2025\/06\/Iftar-5-300x200.jpg 300w, https:\/\/OneRoyal.news\/wp-content\/uploads\/2025\/06\/Iftar-5-1024x683.jpg 1024w, https:\/\/OneRoyal.news\/wp-content\/uploads\/2025\/06\/Iftar-5-768x512.jpg 768w, https:\/\/OneRoyal.news\/wp-content\/uploads\/2025\/06\/Iftar-5-1536x1024.jpg 1536w, https:\/\/OneRoyal.news\/wp-content\/uploads\/2025\/06\/Iftar-5-2048x1365.jpg 2048w, https:\/\/OneRoyal.news\/wp-content\/uploads\/2025\/06\/Iftar-5-18x12.jpg 18w\" sizes=\"(max-width: 300px) 100vw, 300px\" \/><\/p>\n<p><img decoding=\"async\" src=\"https:\/\/OneRoyal.news\/wp-content\/uploads\/2025\/06\/Iftar-3-300x200.jpg\" alt=\"\" width=\"300\" height=\"200\" class=\"alignnone size-medium wp-image-23386\" srcset=\"https:\/\/OneRoyal.news\/wp-content\/uploads\/2025\/06\/Iftar-3-300x200.jpg 300w, https:\/\/OneRoyal.news\/wp-content\/uploads\/2025\/06\/Iftar-3-1024x683.jpg 1024w, https:\/\/OneRoyal.news\/wp-content\/uploads\/2025\/06\/Iftar-3-768x512.jpg 768w, https:\/\/OneRoyal.news\/wp-content\/uploads\/2025\/06\/Iftar-3-1536x1024.jpg 1536w, https:\/\/OneRoyal.news\/wp-content\/uploads\/2025\/06\/Iftar-3-2048x1365.jpg 2048w, https:\/\/OneRoyal.news\/wp-content\/uploads\/2025\/06\/Iftar-3-18x12.jpg 18w\" sizes=\"(max-width: 300px) 100vw, 300px\" \/><\/p>\n<p><img decoding=\"async\" src=\"https:\/\/OneRoyal.news\/wp-content\/uploads\/2025\/06\/Iftar-2-300x200.jpg\" alt=\"\" width=\"300\" height=\"200\" class=\"alignnone size-medium wp-image-23387\" srcset=\"https:\/\/OneRoyal.news\/wp-content\/uploads\/2025\/06\/Iftar-2-300x200.jpg 300w, https:\/\/OneRoyal.news\/wp-content\/uploads\/2025\/06\/Iftar-2-768x512.jpg 768w, https:\/\/OneRoyal.news\/wp-content\/uploads\/2025\/06\/Iftar-2-18x12.jpg 18w, https:\/\/OneRoyal.news\/wp-content\/uploads\/2025\/06\/Iftar-2.jpg 800w\" sizes=\"(max-width: 300px) 100vw, 300px\" \/><\/p>\n<p><img loading=\"lazy\" decoding=\"async\" src=\"https:\/\/OneRoyal.news\/wp-content\/uploads\/2025\/06\/Iftar-1-300x200.jpg\" alt=\"\" width=\"300\" height=\"200\" class=\"alignnone size-medium wp-image-23388\" srcset=\"https:\/\/OneRoyal.news\/wp-content\/uploads\/2025\/06\/Iftar-1-300x200.jpg 300w, https:\/\/OneRoyal.news\/wp-content\/uploads\/2025\/06\/Iftar-1-768x512.jpg 768w, https:\/\/OneRoyal.news\/wp-content\/uploads\/2025\/06\/Iftar-1-18x12.jpg 18w, https:\/\/OneRoyal.news\/wp-content\/uploads\/2025\/06\/Iftar-1.jpg 800w\" sizes=\"(max-width: 300px) 100vw, 300px\" \/><\/p>","protected":false},"excerpt":{"rendered":"<p>OneRoyal dio vida al esp\u00edritu del Ramad\u00e1n con un inolvidable Iftar en Mascate. Lo que comenz\u00f3 como una reuni\u00f3n para 125 invitados se convirti\u00f3 en una gran celebraci\u00f3n, con m\u00e1s de 270 asistentes que se unieron a nosotros en una noche de unidad, gratitud y comunidad. El acto fue un hermoso reflejo del mes sagrado, una noche [...]<\/p>","protected":false},"author":3,"featured_media":23384,"comment_status":"open","ping_status":"open","sticky":false,"template":"","format":"standard","meta":{"_acf_changed":false,"inline_featured_image":false,"footnotes":""},"categories":[76,79,27],"tags":[],"class_list":["post-23383","post","type-post","status-publish","format-standard","has-post-thumbnail","hentry","category-csr","category-oman","category-events"],"acf":[],"yoast_head":"<!-- This site is optimized with the Yoast SEO plugin v26.6 - https:\/\/yoast.com\/wordpress\/plugins\/seo\/ -->\n<title>Muscat Iftar Event by OneRoyal: A Night to Remember - OneRoyal News<\/title>\n<meta name=\"robots\" content=\"index, follow, max-snippet:-1, max-image-preview:large, max-video-preview:-1\" \/>\n<link rel=\"canonical\" href=\"https:\/\/www.oneroyal.news\/cn\/csr\/muscat-iftar-event-by-oneroyal-a-night-to-remember-2\/\" \/>\n<meta property=\"og:locale\" content=\"es_ES\" \/>\n<meta property=\"og:type\" content=\"article\" \/>\n<meta property=\"og:title\" content=\"Muscat Iftar Event by OneRoyal: A Night to Remember - OneRoyal News\" \/>\n<meta property=\"og:description\" content=\"OneRoyal brought the spirit of Ramadan to life with an unforgettable Iftar event in Muscat. What started as a gathering for 125 invited guests turned into a grand celebration, with over 270 attendees joining us for a night of unity, gratitude, and community. The event was a beautiful reflection of the holy month an evening [&hellip;]\" \/>\n<meta property=\"og:url\" content=\"https:\/\/www.oneroyal.news\/cn\/csr\/muscat-iftar-event-by-oneroyal-a-night-to-remember-2\/\" \/>\n<meta property=\"og:site_name\" content=\"OneRoyal News\" \/>\n<meta property=\"article:published_time\" content=\"2025-03-26T07:51:30+00:00\" \/>\n<meta property=\"article:modified_time\" content=\"2025-06-20T07:18:27+00:00\" \/>\n<meta property=\"og:image\" content=\"https:\/\/www.oneroyal.news\/wp-content\/uploads\/2025\/06\/Iftar-4-scaled.jpg\" \/>\n\t<meta property=\"og:image:width\" content=\"2560\" \/>\n\t<meta property=\"og:image:height\" content=\"1525\" \/>\n\t<meta property=\"og:image:type\" content=\"image\/jpeg\" \/>\n<meta name=\"author\" content=\"OneRoyal\" \/>\n<meta name=\"twitter:card\" content=\"summary_large_image\" \/>\n<meta name=\"twitter:label1\" content=\"Escrito por\" \/>\n\t<meta name=\"twitter:data1\" content=\"OneRoyal\" \/>\n\t<meta name=\"twitter:label2\" content=\"Tiempo de lectura\" \/>\n\t<meta name=\"twitter:data2\" content=\"1 minuto\" \/>\n<script type=\"application\/ld+json\" class=\"yoast-schema-graph\">{\"@context\":\"https:\/\/schema.org\",\"@graph\":[{\"@type\":\"Article\",\"@id\":\"https:\/\/www.oneroyal.news\/cn\/csr\/muscat-iftar-event-by-oneroyal-a-night-to-remember-2\/#article\",\"isPartOf\":{\"@id\":\"https:\/\/www.oneroyal.news\/cn\/csr\/muscat-iftar-event-by-oneroyal-a-night-to-remember-2\/\"},\"author\":{\"name\":\"OneRoyal\",\"@id\":\"https:\/\/www.oneroyal.news\/cn\/#\/schema\/person\/8aacb8bf211e91f88e76e1c64257a917\"},\"headline\":\"Muscat Iftar Event by OneRoyal: A Night to Remember\",\"datePublished\":\"2025-03-26T07:51:30+00:00\",\"dateModified\":\"2025-06-20T07:18:27+00:00\",\"mainEntityOfPage\":{\"@id\":\"https:\/\/www.oneroyal.news\/cn\/csr\/muscat-iftar-event-by-oneroyal-a-night-to-remember-2\/\"},\"wordCount\":194,\"commentCount\":0,\"publisher\":{\"@id\":\"https:\/\/www.oneroyal.news\/cn\/#organization\"},\"image\":{\"@id\":\"https:\/\/www.oneroyal.news\/cn\/csr\/muscat-iftar-event-by-oneroyal-a-night-to-remember-2\/#primaryimage\"},\"thumbnailUrl\":\"https:\/\/oneroyal.news\/wp-content\/uploads\/2025\/06\/Iftar-4-scaled.jpg\",\"articleSection\":[\"csr\",\"Oman\",\"OneRoyal Events\"],\"inLanguage\":\"es\",\"potentialAction\":[{\"@type\":\"CommentAction\",\"name\":\"Comment\",\"target\":[\"https:\/\/www.oneroyal.news\/cn\/csr\/muscat-iftar-event-by-oneroyal-a-night-to-remember-2\/#respond\"]}]},{\"@type\":\"WebPage\",\"@id\":\"https:\/\/www.oneroyal.news\/cn\/csr\/muscat-iftar-event-by-oneroyal-a-night-to-remember-2\/\",\"url\":\"https:\/\/www.oneroyal.news\/cn\/csr\/muscat-iftar-event-by-oneroyal-a-night-to-remember-2\/\",\"name\":\"Muscat Iftar Event by OneRoyal: A Night to Remember - OneRoyal News\",\"isPartOf\":{\"@id\":\"https:\/\/www.oneroyal.news\/cn\/#website\"},\"primaryImageOfPage\":{\"@id\":\"https:\/\/www.oneroyal.news\/cn\/csr\/muscat-iftar-event-by-oneroyal-a-night-to-remember-2\/#primaryimage\"},\"image\":{\"@id\":\"https:\/\/www.oneroyal.news\/cn\/csr\/muscat-iftar-event-by-oneroyal-a-night-to-remember-2\/#primaryimage\"},\"thumbnailUrl\":\"https:\/\/oneroyal.news\/wp-content\/uploads\/2025\/06\/Iftar-4-scaled.jpg\",\"datePublished\":\"2025-03-26T07:51:30+00:00\",\"dateModified\":\"2025-06-20T07:18:27+00:00\",\"breadcrumb\":{\"@id\":\"https:\/\/www.oneroyal.news\/cn\/csr\/muscat-iftar-event-by-oneroyal-a-night-to-remember-2\/#breadcrumb\"},\"inLanguage\":\"es\",\"potentialAction\":[{\"@type\":\"ReadAction\",\"target\":[\"https:\/\/www.oneroyal.news\/cn\/csr\/muscat-iftar-event-by-oneroyal-a-night-to-remember-2\/\"]}]},{\"@type\":\"ImageObject\",\"inLanguage\":\"es\",\"@id\":\"https:\/\/www.oneroyal.news\/cn\/csr\/muscat-iftar-event-by-oneroyal-a-night-to-remember-2\/#primaryimage\",\"url\":\"https:\/\/oneroyal.news\/wp-content\/uploads\/2025\/06\/Iftar-4-scaled.jpg\",\"contentUrl\":\"https:\/\/oneroyal.news\/wp-content\/uploads\/2025\/06\/Iftar-4-scaled.jpg\",\"width\":2560,\"height\":1525},{\"@type\":\"BreadcrumbList\",\"@id\":\"https:\/\/www.oneroyal.news\/cn\/csr\/muscat-iftar-event-by-oneroyal-a-night-to-remember-2\/#breadcrumb\",\"itemListElement\":[{\"@type\":\"ListItem\",\"position\":1,\"name\":\"Home\",\"item\":\"https:\/\/www.oneroyal.news\/cn\/\"},{\"@type\":\"ListItem\",\"position\":2,\"name\":\"Muscat Iftar Event by OneRoyal: A Night to Remember\"}]},{\"@type\":\"WebSite\",\"@id\":\"https:\/\/www.oneroyal.news\/cn\/#website\",\"url\":\"https:\/\/www.oneroyal.news\/cn\/\",\"name\":\"OneRoyal News\",\"description\":\"\",\"publisher\":{\"@id\":\"https:\/\/www.oneroyal.news\/cn\/#organization\"},\"potentialAction\":[{\"@type\":\"SearchAction\",\"target\":{\"@type\":\"EntryPoint\",\"urlTemplate\":\"https:\/\/www.oneroyal.news\/cn\/?s={search_term_string}\"},\"query-input\":{\"@type\":\"PropertyValueSpecification\",\"valueRequired\":true,\"valueName\":\"search_term_string\"}}],\"inLanguage\":\"es\"},{\"@type\":\"Organization\",\"@id\":\"https:\/\/www.oneroyal.news\/cn\/#organization\",\"name\":\"OneRoyal News\",\"url\":\"https:\/\/www.oneroyal.news\/cn\/\",\"logo\":{\"@type\":\"ImageObject\",\"inLanguage\":\"es\",\"@id\":\"https:\/\/www.oneroyal.news\/cn\/#\/schema\/logo\/image\/\",\"url\":\"https:\/\/oneroyal.news\/wp-content\/uploads\/2025\/01\/OR-logo.svg\",\"contentUrl\":\"https:\/\/oneroyal.news\/wp-content\/uploads\/2025\/01\/OR-logo.svg\",\"width\":123,\"height\":18,\"caption\":\"OneRoyal News\"},\"image\":{\"@id\":\"https:\/\/www.oneroyal.news\/cn\/#\/schema\/logo\/image\/\"}},{\"@type\":\"Person\",\"@id\":\"https:\/\/www.oneroyal.news\/cn\/#\/schema\/person\/8aacb8bf211e91f88e76e1c64257a917\",\"name\":\"OneRoyal\",\"image\":{\"@type\":\"ImageObject\",\"inLanguage\":\"es\",\"@id\":\"https:\/\/www.oneroyal.news\/cn\/#\/schema\/person\/image\/\",\"url\":\"https:\/\/secure.gravatar.com\/avatar\/1d8c080bb7c4d2a1b100b7e736b0b7e7?s=96&d=mm&r=g\",\"contentUrl\":\"https:\/\/secure.gravatar.com\/avatar\/1d8c080bb7c4d2a1b100b7e736b0b7e7?s=96&d=mm&r=g\",\"caption\":\"OneRoyal\"},\"description\":\"The OneRoyal team delivers trusted market updates, official company news, and essential announcements to keep our trading community informed and empowered.\",\"url\":\"https:\/\/oneroyal.news\/es\/author\/marketingoneroyal-com\/\"}]}<\/script>\n<!-- \/ Yoast SEO plugin. -->","yoast_head_json":{"title":"Evento Muscat Iftar por OneRoyal: Una noche para recordar - OneRoyal News","robots":{"index":"index","follow":"follow","max-snippet":"max-snippet:-1","max-image-preview":"max-image-preview:large","max-video-preview":"max-video-preview:-1"},"canonical":"https:\/\/www.oneroyal.news\/cn\/csr\/muscat-iftar-event-by-oneroyal-a-night-to-remember-2\/","og_locale":"es_ES","og_type":"article","og_title":"Muscat Iftar Event by OneRoyal: A Night to Remember - OneRoyal News","og_description":"OneRoyal brought the spirit of Ramadan to life with an unforgettable Iftar event in Muscat. What started as a gathering for 125 invited guests turned into a grand celebration, with over 270 attendees joining us for a night of unity, gratitude, and community. The event was a beautiful reflection of the holy month an evening [&hellip;]","og_url":"https:\/\/www.oneroyal.news\/cn\/csr\/muscat-iftar-event-by-oneroyal-a-night-to-remember-2\/","og_site_name":"OneRoyal News","article_published_time":"2025-03-26T07:51:30+00:00","article_modified_time":"2025-06-20T07:18:27+00:00","og_image":[{"width":2560,"height":1525,"url":"https:\/\/www.oneroyal.news\/wp-content\/uploads\/2025\/06\/Iftar-4-scaled.jpg","type":"image\/jpeg"}],"author":"OneRoyal","twitter_card":"summary_large_image","twitter_misc":{"Escrito por":"OneRoyal","Tiempo de lectura":"1 minuto"},"schema":{"@context":"https:\/\/schema.org","@graph":[{"@type":"Article","@id":"https:\/\/www.oneroyal.news\/cn\/csr\/muscat-iftar-event-by-oneroyal-a-night-to-remember-2\/#article","isPartOf":{"@id":"https:\/\/www.oneroyal.news\/cn\/csr\/muscat-iftar-event-by-oneroyal-a-night-to-remember-2\/"},"author":{"name":"OneRoyal","@id":"https:\/\/www.oneroyal.news\/cn\/#\/schema\/person\/8aacb8bf211e91f88e76e1c64257a917"},"headline":"Muscat Iftar Event by OneRoyal: A Night to Remember","datePublished":"2025-03-26T07:51:30+00:00","dateModified":"2025-06-20T07:18:27+00:00","mainEntityOfPage":{"@id":"https:\/\/www.oneroyal.news\/cn\/csr\/muscat-iftar-event-by-oneroyal-a-night-to-remember-2\/"},"wordCount":194,"commentCount":0,"publisher":{"@id":"https:\/\/www.oneroyal.news\/cn\/#organization"},"image":{"@id":"https:\/\/www.oneroyal.news\/cn\/csr\/muscat-iftar-event-by-oneroyal-a-night-to-remember-2\/#primaryimage"},"thumbnailUrl":"https:\/\/oneroyal.news\/wp-content\/uploads\/2025\/06\/Iftar-4-scaled.jpg","articleSection":["csr","Oman","OneRoyal Events"],"inLanguage":"es","potentialAction":[{"@type":"CommentAction","name":"Comment","target":["https:\/\/www.oneroyal.news\/cn\/csr\/muscat-iftar-event-by-oneroyal-a-night-to-remember-2\/#respond"]}]},{"@type":"WebPage","@id":"https:\/\/www.oneroyal.news\/cn\/csr\/muscat-iftar-event-by-oneroyal-a-night-to-remember-2\/","url":"https:\/\/www.oneroyal.news\/cn\/csr\/muscat-iftar-event-by-oneroyal-a-night-to-remember-2\/","name":"Evento Muscat Iftar por OneRoyal: Una noche para recordar - OneRoyal News","isPartOf":{"@id":"https:\/\/www.oneroyal.news\/cn\/#website"},"primaryImageOfPage":{"@id":"https:\/\/www.oneroyal.news\/cn\/csr\/muscat-iftar-event-by-oneroyal-a-night-to-remember-2\/#primaryimage"},"image":{"@id":"https:\/\/www.oneroyal.news\/cn\/csr\/muscat-iftar-event-by-oneroyal-a-night-to-remember-2\/#primaryimage"},"thumbnailUrl":"https:\/\/oneroyal.news\/wp-content\/uploads\/2025\/06\/Iftar-4-scaled.jpg","datePublished":"2025-03-26T07:51:30+00:00","dateModified":"2025-06-20T07:18:27+00:00","breadcrumb":{"@id":"https:\/\/www.oneroyal.news\/cn\/csr\/muscat-iftar-event-by-oneroyal-a-night-to-remember-2\/#breadcrumb"},"inLanguage":"es","potentialAction":[{"@type":"ReadAction","target":["https:\/\/www.oneroyal.news\/cn\/csr\/muscat-iftar-event-by-oneroyal-a-night-to-remember-2\/"]}]},{"@type":"ImageObject","inLanguage":"es","@id":"https:\/\/www.oneroyal.news\/cn\/csr\/muscat-iftar-event-by-oneroyal-a-night-to-remember-2\/#primaryimage","url":"https:\/\/oneroyal.news\/wp-content\/uploads\/2025\/06\/Iftar-4-scaled.jpg","contentUrl":"https:\/\/oneroyal.news\/wp-content\/uploads\/2025\/06\/Iftar-4-scaled.jpg","width":2560,"height":1525},{"@type":"BreadcrumbList","@id":"https:\/\/www.oneroyal.news\/cn\/csr\/muscat-iftar-event-by-oneroyal-a-night-to-remember-2\/#breadcrumb","itemListElement":[{"@type":"ListItem","position":1,"name":"Home","item":"https:\/\/www.oneroyal.news\/cn\/"},{"@type":"ListItem","position":2,"name":"Muscat Iftar Event by OneRoyal: A Night to Remember"}]},{"@type":"WebSite","@id":"https:\/\/www.oneroyal.news\/cn\/#website","url":"https:\/\/www.oneroyal.news\/cn\/","name":"Noticias OneRoyal","description":"","publisher":{"@id":"https:\/\/www.oneroyal.news\/cn\/#organization"},"potentialAction":[{"@type":"SearchAction","target":{"@type":"EntryPoint","urlTemplate":"https:\/\/www.oneroyal.news\/cn\/?s={search_term_string}"},"query-input":{"@type":"PropertyValueSpecification","valueRequired":true,"valueName":"search_term_string"}}],"inLanguage":"es"},{"@type":"Organization","@id":"https:\/\/www.oneroyal.news\/cn\/#organization","name":"Noticias OneRoyal","url":"https:\/\/www.oneroyal.news\/cn\/","logo":{"@type":"ImageObject","inLanguage":"es","@id":"https:\/\/www.oneroyal.news\/cn\/#\/schema\/logo\/image\/","url":"https:\/\/oneroyal.news\/wp-content\/uploads\/2025\/01\/OR-logo.svg","contentUrl":"https:\/\/oneroyal.news\/wp-content\/uploads\/2025\/01\/OR-logo.svg","width":123,"height":18,"caption":"OneRoyal News"},"image":{"@id":"https:\/\/www.oneroyal.news\/cn\/#\/schema\/logo\/image\/"}},{"@type":"Person","@id":"https:\/\/www.oneroyal.news\/cn\/#\/schema\/person\/8aacb8bf211e91f88e76e1c64257a917","name":"OneRoyal","image":{"@type":"ImageObject","inLanguage":"es","@id":"https:\/\/www.oneroyal.news\/cn\/#\/schema\/person\/image\/","url":"https:\/\/secure.gravatar.com\/avatar\/1d8c080bb7c4d2a1b100b7e736b0b7e7?s=96&d=mm&r=g","contentUrl":"https:\/\/secure.gravatar.com\/avatar\/1d8c080bb7c4d2a1b100b7e736b0b7e7?s=96&d=mm&r=g","caption":"OneRoyal"},"description":"El equipo de OneRoyal ofrece actualizaciones fiables del mercado, noticias oficiales de la empresa y anuncios esenciales para mantener informada y capacitada a nuestra comunidad de operadores.","url":"https:\/\/oneroyal.news\/es\/author\/marketingoneroyal-com\/"}]}},"_links":{"self":[{"href":"https:\/\/oneroyal.news\/es\/wp-json\/wp\/v2\/posts\/23383","targetHints":{"allow":["GET"]}}],"collection":[{"href":"https:\/\/oneroyal.news\/es\/wp-json\/wp\/v2\/posts"}],"about":[{"href":"https:\/\/oneroyal.news\/es\/wp-json\/wp\/v2\/types\/post"}],"author":[{"embeddable":true,"href":"https:\/\/oneroyal.news\/es\/wp-json\/wp\/v2\/users\/3"}],"replies":[{"embeddable":true,"href":"https:\/\/oneroyal.news\/es\/wp-json\/wp\/v2\/comments?post=23383"}],"version-history":[{"count":1,"href":"https:\/\/oneroyal.news\/es\/wp-json\/wp\/v2\/posts\/23383\/revisions"}],"predecessor-version":[{"id":23389,"href":"https:\/\/oneroyal.news\/es\/wp-json\/wp\/v2\/posts\/23383\/revisions\/23389"}],"wp:featuredmedia":[{"embeddable":true,"href":"https:\/\/oneroyal.news\/es\/wp-json\/wp\/v2\/media\/23384"}],"wp:attachment":[{"href":"https:\/\/oneroyal.news\/es\/wp-json\/wp\/v2\/media?parent=23383"}],"wp:term":[{"taxonomy":"category","embeddable":true,"href":"https:\/\/oneroyal.news\/es\/wp-json\/wp\/v2\/categories?post=23383"},{"taxonomy":"post_tag","embeddable":true,"href":"https:\/\/oneroyal.news\/es\/wp-json\/wp\/v2\/tags?post=23383"}],"curies":[{"name":"wp","href":"https:\/\/api.w.org\/{rel}","templated":true}]}}