{"id":22780,"date":"2025-03-14T12:49:30","date_gmt":"2025-03-14T12:49:30","guid":{"rendered":"https:\/\/oneroyal.news\/?p=22780"},"modified":"2025-06-20T07:13:25","modified_gmt":"2025-06-20T07:13:25","slug":"what-came-first-the-chicken-or-the-trade-war","status":"publish","type":"post","link":"https:\/\/oneroyal.news\/es\/market-analysis\/what-came-first-the-chicken-or-the-trade-war\/","title":{"rendered":"\u00bfQu\u00e9 fue primero, el pollo o la guerra comercial?"},"content":{"rendered":"<p>\u00a1Qu\u00e9 divertido ha sido el comienzo de 2025! La palabra del a\u00f1o han sido los aranceles, simplemente no hay escapatoria. Todos los d\u00edas, el presidente Donald Trump parece pronunciar esa palabra de seis letras, y todos los d\u00edas hay nuevas declaraciones sobre aranceles de 25% sobre Canad\u00e1, luego aranceles de 50% sobre Canad\u00e1, y ahora aranceles de 200% sobre el vino de la UE. Las idas y venidas son suficientes para marear al mercado.<\/p>\n<p>Teniendo esto en cuenta, he pensado que ser\u00eda interesante echar una r\u00e1pida mirada retrospectiva a una de las guerras comerciales m\u00e1s famosas de la historia, examinar sus implicaciones y preguntarnos: \u00bfSe est\u00e1 repitiendo la historia?<\/p>\n<h3>Guerras comerciales: algo m\u00e1s que aranceles<\/h3>\n<p>Las guerras comerciales siempre han tenido que ver con algo m\u00e1s que aranceles y pol\u00edticas econ\u00f3micas: tienen que ver con el orgullo nacional, la influencia pol\u00edtica y, a menudo, con un asunto aparentemente menor que se convierte en una batalla econ\u00f3mica a gran escala. Las disputas comerciales actuales giran en torno a los semiconductores, los veh\u00edculos, los minerales de tierras raras, el acero, el aluminio y el alcohol, y eso es s\u00f3lo el principio. Sin embargo, se parecen mucho a uno de los conflictos comerciales m\u00e1s famosos del siglo XX: La Guerra del Pollo.<\/p>\n<h3>La guerra de los pollos: una batalla econ\u00f3mica emplumada<\/h3>\n<p>La Guerra del Pollo de los a\u00f1os sesenta no se libr\u00f3 con armas, sino con aranceles y medidas de represalia que se extendieron por todas las industrias. Todo empez\u00f3 cuando los granjeros estadounidenses fueron pioneros en la cr\u00eda industrializada de aves de corral, reduciendo dr\u00e1sticamente el coste del pollo. Con esta nueva eficiencia, Estados Unidos inund\u00f3 el mercado europeo de aves de corral baratas, amenazando a los granjeros locales de Francia y Alemania Occidental.<\/p>\n<p>En 1962, la Comunidad Econ\u00f3mica Europea (CEE), precursora de la UE, impuso fuertes aranceles a las importaciones de pollo estadounidense. Washington no vio con buenos ojos esta medida. En respuesta, Estados Unidos tom\u00f3 represalias imponiendo aranceles a los productos europeos, incluidos camiones, brandy y almidones. Y as\u00ed empez\u00f3 la guerra comercial.<\/p>\n<p>Aunque en su momento pudo parecer una trifulca econ\u00f3mica sin importancia, las consecuencias de la Guerra del Pollo fueron duraderas. Uno de los resultados m\u00e1s significativos fue el infame arancel 25% que Estados Unidos impuso a los camiones ligeros, una medida dirigida inicialmente a Europa pero que m\u00e1s tarde afect\u00f3 a Jap\u00f3n y Corea del Sur. Este arancel, conocido como el \"Chicken Tax\", sigue afectando a la industria automovil\u00edstica hoy en d\u00eda, haciendo que las camionetas fabricadas en el extranjero sean significativamente m\u00e1s caras en el mercado estadounidense.<\/p>\n<h3>Para llevar: Diferentes productos, mismo juego<\/h3>\n<p>La Guerra del Pollo nos ense\u00f1a que las guerras comerciales rara vez se limitan a su frente de batalla inicial. Los aranceles sobre un producto a menudo conducen a represalias m\u00e1s amplias, que afectan a industrias enteras de maneras imprevistas. Al igual que una disputa sobre las aves de corral transform\u00f3 el comercio mundial de autom\u00f3viles, la determinaci\u00f3n de Trump de corregir lo que considera un super\u00e1vit comercial injusto podr\u00eda extenderse por las cadenas de suministro mundiales durante d\u00e9cadas.<\/p>\n<p>Entonces, \u00bfestamos condenados a repetir la historia? Si hay una lecci\u00f3n que aprender, es que las guerras comerciales rara vez producen claros ganadores. El proteccionismo puede suponer un alivio temporal para las industrias nacionales, pero a largo plazo suele generar mayores costes para los consumidores y tensiones en las relaciones internacionales. Queda por ver si los l\u00edderes actuales tendr\u00e1n en cuenta esta lecci\u00f3n, pero si el pasado sirve de indicio, es probable que el camino no sea nada f\u00e1cil.<\/p>\n<p>&nbsp;<\/p>\n<p><strong>Descargo de responsabilidad:<\/strong> Esta informaci\u00f3n tiene \u00fanicamente fines educativos y no constituye asesoramiento en materia de inversi\u00f3n. Los mercados financieros entra\u00f1an riesgos, y las rentabilidades pasadas no son indicativas de resultados futuros. Realice siempre su propia investigaci\u00f3n y busque asesoramiento profesional antes de tomar decisiones de inversi\u00f3n.<\/p>\n<p>&nbsp;<\/p>","protected":false},"excerpt":{"rendered":"<p>\u00a1Qu\u00e9 divertido ha sido el comienzo de 2025! La palabra del a\u00f1o han sido los aranceles, simplemente no hay escapatoria. Todos los d\u00edas, el presidente Donald Trump parece decir esa palabra de seis letras, y todos los d\u00edas hay nuevas declaraciones sobre aranceles de 25% a Canad\u00e1, luego aranceles de 50% a Canad\u00e1, y ahora aranceles de 200% a la UE [...].<\/p>","protected":false},"author":6,"featured_media":22781,"comment_status":"open","ping_status":"open","sticky":false,"template":"","format":"standard","meta":{"_acf_changed":false,"inline_featured_image":false,"footnotes":""},"categories":[38],"tags":[],"class_list":["post-22780","post","type-post","status-publish","format-standard","has-post-thumbnail","hentry","category-market-analysis"],"acf":[],"yoast_head":"<!-- This site is optimized with the Yoast SEO plugin v26.6 - https:\/\/yoast.com\/wordpress\/plugins\/seo\/ -->\n<title>What Came First, the Chicken or the Trade War? - OneRoyal News<\/title>\n<meta name=\"robots\" content=\"index, follow, max-snippet:-1, max-image-preview:large, max-video-preview:-1\" \/>\n<link rel=\"canonical\" href=\"https:\/\/oneroyal.news\/es\/market-analysis\/what-came-first-the-chicken-or-the-trade-war\/\" \/>\n<meta property=\"og:locale\" content=\"es_ES\" \/>\n<meta property=\"og:type\" content=\"article\" \/>\n<meta property=\"og:title\" content=\"What Came First, the Chicken or the Trade War? - OneRoyal News\" \/>\n<meta property=\"og:description\" content=\"What a fun start to 2025 we\u2019ve had! The word of the year has been tariffs there\u2019s simply no escaping it. Every day, President Donald Trump seems to say that six-letter word, and every day, there are new statements about 25% tariffs on Canada, then 50% tariffs on Canada, and now 200% tariffs on EU [&hellip;]\" \/>\n<meta property=\"og:url\" content=\"https:\/\/oneroyal.news\/es\/market-analysis\/what-came-first-the-chicken-or-the-trade-war\/\" \/>\n<meta property=\"og:site_name\" content=\"OneRoyal News\" \/>\n<meta property=\"article:published_time\" content=\"2025-03-14T12:49:30+00:00\" \/>\n<meta property=\"article:modified_time\" content=\"2025-06-20T07:13:25+00:00\" \/>\n<meta property=\"og:image\" content=\"https:\/\/oneroyal.news\/wp-content\/uploads\/2025\/04\/DALL\u00b7E-2025-03-14-11.56.13-A-historical-illustration-of-the-1960s-Chicken-War-depicting-a-trade-dispute-between-the-United-States-and-Europe.-The-image-should-feature-a-symboli.webp\" \/>\n\t<meta property=\"og:image:width\" content=\"1024\" \/>\n\t<meta property=\"og:image:height\" content=\"1024\" \/>\n\t<meta property=\"og:image:type\" content=\"image\/webp\" \/>\n<meta name=\"author\" content=\"James Trescothick\" \/>\n<meta name=\"twitter:card\" content=\"summary_large_image\" \/>\n<meta name=\"twitter:label1\" content=\"Escrito por\" \/>\n\t<meta name=\"twitter:data1\" content=\"James Trescothick\" \/>\n\t<meta name=\"twitter:label2\" content=\"Tiempo de lectura\" \/>\n\t<meta name=\"twitter:data2\" content=\"3 minutos\" \/>\n<script type=\"application\/ld+json\" class=\"yoast-schema-graph\">{\"@context\":\"https:\/\/schema.org\",\"@graph\":[{\"@type\":\"Article\",\"@id\":\"https:\/\/oneroyal.news\/market-analysis\/what-came-first-the-chicken-or-the-trade-war\/#article\",\"isPartOf\":{\"@id\":\"https:\/\/oneroyal.news\/market-analysis\/what-came-first-the-chicken-or-the-trade-war\/\"},\"author\":{\"name\":\"James Trescothick\",\"@id\":\"https:\/\/www.oneroyal.news\/cn\/#\/schema\/person\/5adf0466ee5c63b5ad9a1dde1f08ca11\"},\"headline\":\"What Came First, the Chicken or the Trade War?\",\"datePublished\":\"2025-03-14T12:49:30+00:00\",\"dateModified\":\"2025-06-20T07:13:25+00:00\",\"mainEntityOfPage\":{\"@id\":\"https:\/\/oneroyal.news\/market-analysis\/what-came-first-the-chicken-or-the-trade-war\/\"},\"wordCount\":586,\"commentCount\":0,\"publisher\":{\"@id\":\"https:\/\/www.oneroyal.news\/cn\/#organization\"},\"image\":{\"@id\":\"https:\/\/oneroyal.news\/market-analysis\/what-came-first-the-chicken-or-the-trade-war\/#primaryimage\"},\"thumbnailUrl\":\"https:\/\/oneroyal.news\/wp-content\/uploads\/2025\/04\/DALL\u00b7E-2025-03-14-11.56.13-A-historical-illustration-of-the-1960s-Chicken-War-depicting-a-trade-dispute-between-the-United-States-and-Europe.-The-image-should-feature-a-symboli.webp\",\"articleSection\":[\"Market Analysis\"],\"inLanguage\":\"es\",\"potentialAction\":[{\"@type\":\"CommentAction\",\"name\":\"Comment\",\"target\":[\"https:\/\/oneroyal.news\/market-analysis\/what-came-first-the-chicken-or-the-trade-war\/#respond\"]}]},{\"@type\":\"WebPage\",\"@id\":\"https:\/\/oneroyal.news\/market-analysis\/what-came-first-the-chicken-or-the-trade-war\/\",\"url\":\"https:\/\/oneroyal.news\/market-analysis\/what-came-first-the-chicken-or-the-trade-war\/\",\"name\":\"What Came First, the Chicken or the Trade War? - OneRoyal News\",\"isPartOf\":{\"@id\":\"https:\/\/www.oneroyal.news\/cn\/#website\"},\"primaryImageOfPage\":{\"@id\":\"https:\/\/oneroyal.news\/market-analysis\/what-came-first-the-chicken-or-the-trade-war\/#primaryimage\"},\"image\":{\"@id\":\"https:\/\/oneroyal.news\/market-analysis\/what-came-first-the-chicken-or-the-trade-war\/#primaryimage\"},\"thumbnailUrl\":\"https:\/\/oneroyal.news\/wp-content\/uploads\/2025\/04\/DALL\u00b7E-2025-03-14-11.56.13-A-historical-illustration-of-the-1960s-Chicken-War-depicting-a-trade-dispute-between-the-United-States-and-Europe.-The-image-should-feature-a-symboli.webp\",\"datePublished\":\"2025-03-14T12:49:30+00:00\",\"dateModified\":\"2025-06-20T07:13:25+00:00\",\"breadcrumb\":{\"@id\":\"https:\/\/oneroyal.news\/market-analysis\/what-came-first-the-chicken-or-the-trade-war\/#breadcrumb\"},\"inLanguage\":\"es\",\"potentialAction\":[{\"@type\":\"ReadAction\",\"target\":[\"https:\/\/oneroyal.news\/market-analysis\/what-came-first-the-chicken-or-the-trade-war\/\"]}]},{\"@type\":\"ImageObject\",\"inLanguage\":\"es\",\"@id\":\"https:\/\/oneroyal.news\/market-analysis\/what-came-first-the-chicken-or-the-trade-war\/#primaryimage\",\"url\":\"https:\/\/oneroyal.news\/wp-content\/uploads\/2025\/04\/DALL\u00b7E-2025-03-14-11.56.13-A-historical-illustration-of-the-1960s-Chicken-War-depicting-a-trade-dispute-between-the-United-States-and-Europe.-The-image-should-feature-a-symboli.webp\",\"contentUrl\":\"https:\/\/oneroyal.news\/wp-content\/uploads\/2025\/04\/DALL\u00b7E-2025-03-14-11.56.13-A-historical-illustration-of-the-1960s-Chicken-War-depicting-a-trade-dispute-between-the-United-States-and-Europe.-The-image-should-feature-a-symboli.webp\",\"width\":1024,\"height\":1024},{\"@type\":\"BreadcrumbList\",\"@id\":\"https:\/\/oneroyal.news\/market-analysis\/what-came-first-the-chicken-or-the-trade-war\/#breadcrumb\",\"itemListElement\":[{\"@type\":\"ListItem\",\"position\":1,\"name\":\"Home\",\"item\":\"https:\/\/www.oneroyal.news\/cn\/\"},{\"@type\":\"ListItem\",\"position\":2,\"name\":\"What Came First, the Chicken or the Trade War?\"}]},{\"@type\":\"WebSite\",\"@id\":\"https:\/\/www.oneroyal.news\/cn\/#website\",\"url\":\"https:\/\/www.oneroyal.news\/cn\/\",\"name\":\"OneRoyal News\",\"description\":\"\",\"publisher\":{\"@id\":\"https:\/\/www.oneroyal.news\/cn\/#organization\"},\"potentialAction\":[{\"@type\":\"SearchAction\",\"target\":{\"@type\":\"EntryPoint\",\"urlTemplate\":\"https:\/\/www.oneroyal.news\/cn\/?s={search_term_string}\"},\"query-input\":{\"@type\":\"PropertyValueSpecification\",\"valueRequired\":true,\"valueName\":\"search_term_string\"}}],\"inLanguage\":\"es\"},{\"@type\":\"Organization\",\"@id\":\"https:\/\/www.oneroyal.news\/cn\/#organization\",\"name\":\"OneRoyal News\",\"url\":\"https:\/\/www.oneroyal.news\/cn\/\",\"logo\":{\"@type\":\"ImageObject\",\"inLanguage\":\"es\",\"@id\":\"https:\/\/www.oneroyal.news\/cn\/#\/schema\/logo\/image\/\",\"url\":\"https:\/\/oneroyal.news\/wp-content\/uploads\/2025\/01\/OR-logo.svg\",\"contentUrl\":\"https:\/\/oneroyal.news\/wp-content\/uploads\/2025\/01\/OR-logo.svg\",\"width\":123,\"height\":18,\"caption\":\"OneRoyal News\"},\"image\":{\"@id\":\"https:\/\/www.oneroyal.news\/cn\/#\/schema\/logo\/image\/\"}},{\"@type\":\"Person\",\"@id\":\"https:\/\/www.oneroyal.news\/cn\/#\/schema\/person\/5adf0466ee5c63b5ad9a1dde1f08ca11\",\"name\":\"James Trescothick\",\"image\":{\"@type\":\"ImageObject\",\"inLanguage\":\"es\",\"@id\":\"https:\/\/www.oneroyal.news\/cn\/#\/schema\/person\/image\/\",\"url\":\"https:\/\/secure.gravatar.com\/avatar\/3ca0b17d003b3e31621d31fe7136e528?s=96&d=mm&r=g\",\"contentUrl\":\"https:\/\/secure.gravatar.com\/avatar\/3ca0b17d003b3e31621d31fe7136e528?s=96&d=mm&r=g\",\"caption\":\"James Trescothick\"},\"description\":\"James Trescothick is a seasoned financial markets expert with over 20 years' experience as a trader, analyst, and educator, currently leading market research at OneRoyal in Cyprus.\",\"url\":\"https:\/\/oneroyal.news\/es\/author\/james-trescothick\/\"}]}<\/script>\n<!-- \/ Yoast SEO plugin. -->","yoast_head_json":{"title":"\u00bfQu\u00e9 fue primero, el pollo o la guerra comercial? - Noticias OneRoyal","robots":{"index":"index","follow":"follow","max-snippet":"max-snippet:-1","max-image-preview":"max-image-preview:large","max-video-preview":"max-video-preview:-1"},"canonical":"https:\/\/oneroyal.news\/es\/market-analysis\/what-came-first-the-chicken-or-the-trade-war\/","og_locale":"es_ES","og_type":"article","og_title":"What Came First, the Chicken or the Trade War? - OneRoyal News","og_description":"What a fun start to 2025 we\u2019ve had! The word of the year has been tariffs there\u2019s simply no escaping it. Every day, President Donald Trump seems to say that six-letter word, and every day, there are new statements about 25% tariffs on Canada, then 50% tariffs on Canada, and now 200% tariffs on EU [&hellip;]","og_url":"https:\/\/oneroyal.news\/es\/market-analysis\/what-came-first-the-chicken-or-the-trade-war\/","og_site_name":"OneRoyal News","article_published_time":"2025-03-14T12:49:30+00:00","article_modified_time":"2025-06-20T07:13:25+00:00","og_image":[{"width":1024,"height":1024,"url":"https:\/\/oneroyal.news\/wp-content\/uploads\/2025\/04\/DALL\u00b7E-2025-03-14-11.56.13-A-historical-illustration-of-the-1960s-Chicken-War-depicting-a-trade-dispute-between-the-United-States-and-Europe.-The-image-should-feature-a-symboli.webp","type":"image\/webp"}],"author":"James Trescothick","twitter_card":"summary_large_image","twitter_misc":{"Escrito por":"James Trescothick","Tiempo de lectura":"3 minutos"},"schema":{"@context":"https:\/\/schema.org","@graph":[{"@type":"Article","@id":"https:\/\/oneroyal.news\/market-analysis\/what-came-first-the-chicken-or-the-trade-war\/#article","isPartOf":{"@id":"https:\/\/oneroyal.news\/market-analysis\/what-came-first-the-chicken-or-the-trade-war\/"},"author":{"name":"James Trescothick","@id":"https:\/\/www.oneroyal.news\/cn\/#\/schema\/person\/5adf0466ee5c63b5ad9a1dde1f08ca11"},"headline":"What Came First, the Chicken or the Trade War?","datePublished":"2025-03-14T12:49:30+00:00","dateModified":"2025-06-20T07:13:25+00:00","mainEntityOfPage":{"@id":"https:\/\/oneroyal.news\/market-analysis\/what-came-first-the-chicken-or-the-trade-war\/"},"wordCount":586,"commentCount":0,"publisher":{"@id":"https:\/\/www.oneroyal.news\/cn\/#organization"},"image":{"@id":"https:\/\/oneroyal.news\/market-analysis\/what-came-first-the-chicken-or-the-trade-war\/#primaryimage"},"thumbnailUrl":"https:\/\/oneroyal.news\/wp-content\/uploads\/2025\/04\/DALL\u00b7E-2025-03-14-11.56.13-A-historical-illustration-of-the-1960s-Chicken-War-depicting-a-trade-dispute-between-the-United-States-and-Europe.-The-image-should-feature-a-symboli.webp","articleSection":["Market Analysis"],"inLanguage":"es","potentialAction":[{"@type":"CommentAction","name":"Comment","target":["https:\/\/oneroyal.news\/market-analysis\/what-came-first-the-chicken-or-the-trade-war\/#respond"]}]},{"@type":"WebPage","@id":"https:\/\/oneroyal.news\/market-analysis\/what-came-first-the-chicken-or-the-trade-war\/","url":"https:\/\/oneroyal.news\/market-analysis\/what-came-first-the-chicken-or-the-trade-war\/","name":"\u00bfQu\u00e9 fue primero, el pollo o la guerra comercial? - Noticias OneRoyal","isPartOf":{"@id":"https:\/\/www.oneroyal.news\/cn\/#website"},"primaryImageOfPage":{"@id":"https:\/\/oneroyal.news\/market-analysis\/what-came-first-the-chicken-or-the-trade-war\/#primaryimage"},"image":{"@id":"https:\/\/oneroyal.news\/market-analysis\/what-came-first-the-chicken-or-the-trade-war\/#primaryimage"},"thumbnailUrl":"https:\/\/oneroyal.news\/wp-content\/uploads\/2025\/04\/DALL\u00b7E-2025-03-14-11.56.13-A-historical-illustration-of-the-1960s-Chicken-War-depicting-a-trade-dispute-between-the-United-States-and-Europe.-The-image-should-feature-a-symboli.webp","datePublished":"2025-03-14T12:49:30+00:00","dateModified":"2025-06-20T07:13:25+00:00","breadcrumb":{"@id":"https:\/\/oneroyal.news\/market-analysis\/what-came-first-the-chicken-or-the-trade-war\/#breadcrumb"},"inLanguage":"es","potentialAction":[{"@type":"ReadAction","target":["https:\/\/oneroyal.news\/market-analysis\/what-came-first-the-chicken-or-the-trade-war\/"]}]},{"@type":"ImageObject","inLanguage":"es","@id":"https:\/\/oneroyal.news\/market-analysis\/what-came-first-the-chicken-or-the-trade-war\/#primaryimage","url":"https:\/\/oneroyal.news\/wp-content\/uploads\/2025\/04\/DALL\u00b7E-2025-03-14-11.56.13-A-historical-illustration-of-the-1960s-Chicken-War-depicting-a-trade-dispute-between-the-United-States-and-Europe.-The-image-should-feature-a-symboli.webp","contentUrl":"https:\/\/oneroyal.news\/wp-content\/uploads\/2025\/04\/DALL\u00b7E-2025-03-14-11.56.13-A-historical-illustration-of-the-1960s-Chicken-War-depicting-a-trade-dispute-between-the-United-States-and-Europe.-The-image-should-feature-a-symboli.webp","width":1024,"height":1024},{"@type":"BreadcrumbList","@id":"https:\/\/oneroyal.news\/market-analysis\/what-came-first-the-chicken-or-the-trade-war\/#breadcrumb","itemListElement":[{"@type":"ListItem","position":1,"name":"Home","item":"https:\/\/www.oneroyal.news\/cn\/"},{"@type":"ListItem","position":2,"name":"What Came First, the Chicken or the Trade War?"}]},{"@type":"WebSite","@id":"https:\/\/www.oneroyal.news\/cn\/#website","url":"https:\/\/www.oneroyal.news\/cn\/","name":"Noticias OneRoyal","description":"","publisher":{"@id":"https:\/\/www.oneroyal.news\/cn\/#organization"},"potentialAction":[{"@type":"SearchAction","target":{"@type":"EntryPoint","urlTemplate":"https:\/\/www.oneroyal.news\/cn\/?s={search_term_string}"},"query-input":{"@type":"PropertyValueSpecification","valueRequired":true,"valueName":"search_term_string"}}],"inLanguage":"es"},{"@type":"Organization","@id":"https:\/\/www.oneroyal.news\/cn\/#organization","name":"Noticias OneRoyal","url":"https:\/\/www.oneroyal.news\/cn\/","logo":{"@type":"ImageObject","inLanguage":"es","@id":"https:\/\/www.oneroyal.news\/cn\/#\/schema\/logo\/image\/","url":"https:\/\/oneroyal.news\/wp-content\/uploads\/2025\/01\/OR-logo.svg","contentUrl":"https:\/\/oneroyal.news\/wp-content\/uploads\/2025\/01\/OR-logo.svg","width":123,"height":18,"caption":"OneRoyal News"},"image":{"@id":"https:\/\/www.oneroyal.news\/cn\/#\/schema\/logo\/image\/"}},{"@type":"Person","@id":"https:\/\/www.oneroyal.news\/cn\/#\/schema\/person\/5adf0466ee5c63b5ad9a1dde1f08ca11","name":"James Trescothick","image":{"@type":"ImageObject","inLanguage":"es","@id":"https:\/\/www.oneroyal.news\/cn\/#\/schema\/person\/image\/","url":"https:\/\/secure.gravatar.com\/avatar\/3ca0b17d003b3e31621d31fe7136e528?s=96&d=mm&r=g","contentUrl":"https:\/\/secure.gravatar.com\/avatar\/3ca0b17d003b3e31621d31fe7136e528?s=96&d=mm&r=g","caption":"James Trescothick"},"description":"James Trescothick es un experto en mercados financieros con m\u00e1s de 20 a\u00f1os de experiencia como operador, analista y educador, y actualmente dirige la investigaci\u00f3n de mercados en OneRoyal en Chipre.","url":"https:\/\/oneroyal.news\/es\/author\/james-trescothick\/"}]}},"_links":{"self":[{"href":"https:\/\/oneroyal.news\/es\/wp-json\/wp\/v2\/posts\/22780","targetHints":{"allow":["GET"]}}],"collection":[{"href":"https:\/\/oneroyal.news\/es\/wp-json\/wp\/v2\/posts"}],"about":[{"href":"https:\/\/oneroyal.news\/es\/wp-json\/wp\/v2\/types\/post"}],"author":[{"embeddable":true,"href":"https:\/\/oneroyal.news\/es\/wp-json\/wp\/v2\/users\/6"}],"replies":[{"embeddable":true,"href":"https:\/\/oneroyal.news\/es\/wp-json\/wp\/v2\/comments?post=22780"}],"version-history":[{"count":1,"href":"https:\/\/oneroyal.news\/es\/wp-json\/wp\/v2\/posts\/22780\/revisions"}],"predecessor-version":[{"id":22782,"href":"https:\/\/oneroyal.news\/es\/wp-json\/wp\/v2\/posts\/22780\/revisions\/22782"}],"wp:featuredmedia":[{"embeddable":true,"href":"https:\/\/oneroyal.news\/es\/wp-json\/wp\/v2\/media\/22781"}],"wp:attachment":[{"href":"https:\/\/oneroyal.news\/es\/wp-json\/wp\/v2\/media?parent=22780"}],"wp:term":[{"taxonomy":"category","embeddable":true,"href":"https:\/\/oneroyal.news\/es\/wp-json\/wp\/v2\/categories?post=22780"},{"taxonomy":"post_tag","embeddable":true,"href":"https:\/\/oneroyal.news\/es\/wp-json\/wp\/v2\/tags?post=22780"}],"curies":[{"name":"wp","href":"https:\/\/api.w.org\/{rel}","templated":true}]}}